{"id":22304,"date":"2022-07-14T01:57:47","date_gmt":"2022-07-14T01:57:47","guid":{"rendered":"https:\/\/www.elpolitologoyelpolitico.com.ar\/wordpress\/?p=22304"},"modified":"2022-07-14T01:58:27","modified_gmt":"2022-07-14T01:58:27","slug":"carreras-promulgo-la-ley-que-equipara-beneficios-entre-ex-combatientes-de-malvinas","status":"publish","type":"post","link":"https:\/\/www.elpolitologoyelpolitico.com.ar\/wordpress\/2022\/07\/14\/carreras-promulgo-la-ley-que-equipara-beneficios-entre-ex-combatientes-de-malvinas\/","title":{"rendered":"Carreras promulg\u00f3 la Ley que equipara beneficios entre ex combatientes de Malvinas"},"content":{"rendered":"\n<p>La Gobernadora, Arabela Carreras, promulg\u00f3 la Ley N\u00ba5572, que establece equiparar beneficios para ex combatientes de la Guerra de Malvinas por su heroico accionar, como parte de una pol\u00edtica p\u00fablica de reconocimiento, cuidado y acompa\u00f1amiento.<\/p>\n\n\n\n<p>La iniciativa, impulsada por la Direcci\u00f3n de Veteranos de Guerra dependiente del Ministerio de Gobierno y Comunidad, busca eliminar toda diferenciaci\u00f3n o distinci\u00f3n irrazonable entre los ex combatientes, reconociendo el valor de todos los actores sin distinci\u00f3n de categor\u00edas, respetando la garant\u00eda constitucional de igualdad ante la Ley de reparaci\u00f3n hist\u00f3rica y dignificando la vida de todos los veteranos de guerra de R\u00edo Negro.<\/p>\n\n\n\n<p>Adem\u00e1s, es una manera de resarcir en alguna medida la ausencia estatal acaecida al regreso de los soldados, y un justo homenaje a los compatriotas ca\u00eddos en combate, a los que fallecieron luego del conflicto y a los sobrevivientes que 40 a\u00f1os despu\u00e9s todav\u00eda arrastran las secuelas de la guerra.<\/p>\n<div class=\"fb-background-color\">\n\t\t\t  <div \n\t\t\t  \tclass = \"fb-comments\" \n\t\t\t  \tdata-href = \"https:\/\/www.elpolitologoyelpolitico.com.ar\/wordpress\/2022\/07\/14\/carreras-promulgo-la-ley-que-equipara-beneficios-entre-ex-combatientes-de-malvinas\/\"\n\t\t\t  \tdata-numposts = \"10\"\n\t\t\t  \tdata-lazy = \"true\"\n\t\t\t\tdata-colorscheme = \"light\"\n\t\t\t\tdata-order-by = \"social\"\n\t\t\t\tdata-mobile=true>\n\t\t\t  <\/div><\/div>\n\t\t  <style>\n\t\t    .fb-background-color {\n\t\t\t\tbackground: #ffffff !important;\n\t\t\t}\n\t\t\t.fb_iframe_widget_fluid_desktop iframe {\n\t\t\t    width: 100% !important;\n\t\t\t}\n\t\t  <\/style>\n\t\t  ","protected":false},"excerpt":{"rendered":"<p>La Gobernadora, Arabela Carreras, promulg\u00f3 la Ley N\u00ba5572, que establece equiparar beneficios para ex combatientes de la Guerra de Malvinas por su heroico accionar, como parte de una pol\u00edtica p\u00fablica de reconocimiento, cuidado y acompa\u00f1amiento. La iniciativa, impulsada por la Direcci\u00f3n de Veteranos de Guerra dependiente del Ministerio de Gobierno y Comunidad, busca eliminar toda [&hellip;]<\/p>\n","protected":false},"author":4,"featured_media":22305,"comment_status":"closed","ping_status":"closed","sticky":false,"template":"","format":"standard","meta":{"_joinchat":[],"footnotes":""},"categories":[4],"tags":[],"class_list":["post-22304","post","type-post","status-publish","format-standard","has-post-thumbnail","hentry","category-politicas-publicas"],"_links":{"self":[{"href":"https:\/\/www.elpolitologoyelpolitico.com.ar\/wordpress\/wp-json\/wp\/v2\/posts\/22304","targetHints":{"allow":["GET"]}}],"collection":[{"href":"https:\/\/www.elpolitologoyelpolitico.com.ar\/wordpress\/wp-json\/wp\/v2\/posts"}],"about":[{"href":"https:\/\/www.elpolitologoyelpolitico.com.ar\/wordpress\/wp-json\/wp\/v2\/types\/post"}],"author":[{"embeddable":true,"href":"https:\/\/www.elpolitologoyelpolitico.com.ar\/wordpress\/wp-json\/wp\/v2\/users\/4"}],"replies":[{"embeddable":true,"href":"https:\/\/www.elpolitologoyelpolitico.com.ar\/wordpress\/wp-json\/wp\/v2\/comments?post=22304"}],"version-history":[{"count":0,"href":"https:\/\/www.elpolitologoyelpolitico.com.ar\/wordpress\/wp-json\/wp\/v2\/posts\/22304\/revisions"}],"wp:featuredmedia":[{"embeddable":true,"href":"https:\/\/www.elpolitologoyelpolitico.com.ar\/wordpress\/wp-json\/wp\/v2\/media\/22305"}],"wp:attachment":[{"href":"https:\/\/www.elpolitologoyelpolitico.com.ar\/wordpress\/wp-json\/wp\/v2\/media?parent=22304"}],"wp:term":[{"taxonomy":"category","embeddable":true,"href":"https:\/\/www.elpolitologoyelpolitico.com.ar\/wordpress\/wp-json\/wp\/v2\/categories?post=22304"},{"taxonomy":"post_tag","embeddable":true,"href":"https:\/\/www.elpolitologoyelpolitico.com.ar\/wordpress\/wp-json\/wp\/v2\/tags?post=22304"}],"curies":[{"name":"wp","href":"https:\/\/api.w.org\/{rel}","templated":true}]}}