{"id":22300,"date":"2022-07-14T01:16:51","date_gmt":"2022-07-14T01:16:51","guid":{"rendered":"https:\/\/www.elpolitologoyelpolitico.com.ar\/wordpress\/?p=22300"},"modified":"2022-07-14T01:18:11","modified_gmt":"2022-07-14T01:18:11","slug":"primera-expo-emprendedores-del-chocolate-patagonico-artesanal-en-el-cultural","status":"publish","type":"post","link":"https:\/\/www.elpolitologoyelpolitico.com.ar\/wordpress\/2022\/07\/14\/primera-expo-emprendedores-del-chocolate-patagonico-artesanal-en-el-cultural\/","title":{"rendered":"Primera Expo \u201cEmprendedores del Chocolate Patag\u00f3nico Artesanal\u201d en el Cultural"},"content":{"rendered":"\n<p>Este viernes 15 de julio, se realizar\u00e1 la 1\u00b0 Expo \u201cEmprendedores del Chocolate Patag\u00f3nico Artesanal\u201d de 18 a 20:30hs en el hall del Centro Municipal de Cultura, organizado por la Fundaci\u00f3n M\u00e1s que Vencedores, con entrada libre y gratuita.<\/p>\n\n\n\n<p>La Fundaci\u00f3n M\u00e1s que Vencedores, busca&nbsp; dar a conocer a la comunidad el trabajo que se viene realizando en distintos espacios y juntas barriales, capacitando a los vecinos y anim\u00e1ndolos a iniciarse en el emprendedurismo a trav\u00e9s de la chocolater\u00eda artesanal y contribuyendo as\u00ed al desarrollo econ\u00f3mico familiar.<\/p>\n\n\n\n<p>Este compromiso les ha permitido impactar de manera muy positiva en personas que atravesaban situaciones de depresi\u00f3n, vicios, violencia familiar, relegamiento, entre tantos otros casos, y ver con enorme satisfacci\u00f3n c\u00f3mo \u00e9sta oportunidad ha sido un remedio integral que hoy los lleva a dar sus primeros pasos como emprendedores.<\/p>\n\n\n\n<p>Con el acompa\u00f1amiento del gobierno de Viedma, a trav\u00e9s de la Subsecretar\u00eda de Cultura de Viedma, se dar\u00e1 inicio con un breve acto protocolar, d\u00f3nde tambi\u00e9n se har\u00e1 entrega de diplomas a los expositores egresados de los talleres.<\/p>\n\n\n\n<p>Luego se har\u00e1 una demostraci\u00f3n en vivo a la vez que se explicar\u00e1 la metodolog\u00eda de trabajo. Finalmente se realizar\u00e1 una degustaci\u00f3n y se podr\u00e1 visitar los stands con sus respectivos productos.<\/p>\n<div class=\"fb-background-color\">\n\t\t\t  <div \n\t\t\t  \tclass = \"fb-comments\" \n\t\t\t  \tdata-href = \"https:\/\/www.elpolitologoyelpolitico.com.ar\/wordpress\/2022\/07\/14\/primera-expo-emprendedores-del-chocolate-patagonico-artesanal-en-el-cultural\/\"\n\t\t\t  \tdata-numposts = \"10\"\n\t\t\t  \tdata-lazy = \"true\"\n\t\t\t\tdata-colorscheme = \"light\"\n\t\t\t\tdata-order-by = \"social\"\n\t\t\t\tdata-mobile=true>\n\t\t\t  <\/div><\/div>\n\t\t  <style>\n\t\t    .fb-background-color {\n\t\t\t\tbackground: #ffffff !important;\n\t\t\t}\n\t\t\t.fb_iframe_widget_fluid_desktop iframe {\n\t\t\t    width: 100% !important;\n\t\t\t}\n\t\t  <\/style>\n\t\t  ","protected":false},"excerpt":{"rendered":"<p>Este viernes 15 de julio, se realizar\u00e1 la 1\u00b0 Expo \u201cEmprendedores del Chocolate Patag\u00f3nico Artesanal\u201d de 18 a 20:30hs en el hall del Centro Municipal de Cultura, organizado por la Fundaci\u00f3n M\u00e1s que Vencedores, con entrada libre y gratuita. La Fundaci\u00f3n M\u00e1s que Vencedores, busca&nbsp; dar a conocer a la comunidad el trabajo que se [&hellip;]<\/p>\n","protected":false},"author":4,"featured_media":22301,"comment_status":"closed","ping_status":"closed","sticky":false,"template":"","format":"standard","meta":{"_joinchat":[],"footnotes":""},"categories":[39],"tags":[],"class_list":["post-22300","post","type-post","status-publish","format-standard","has-post-thumbnail","hentry","category-en-esta-seccion"],"_links":{"self":[{"href":"https:\/\/www.elpolitologoyelpolitico.com.ar\/wordpress\/wp-json\/wp\/v2\/posts\/22300","targetHints":{"allow":["GET"]}}],"collection":[{"href":"https:\/\/www.elpolitologoyelpolitico.com.ar\/wordpress\/wp-json\/wp\/v2\/posts"}],"about":[{"href":"https:\/\/www.elpolitologoyelpolitico.com.ar\/wordpress\/wp-json\/wp\/v2\/types\/post"}],"author":[{"embeddable":true,"href":"https:\/\/www.elpolitologoyelpolitico.com.ar\/wordpress\/wp-json\/wp\/v2\/users\/4"}],"replies":[{"embeddable":true,"href":"https:\/\/www.elpolitologoyelpolitico.com.ar\/wordpress\/wp-json\/wp\/v2\/comments?post=22300"}],"version-history":[{"count":0,"href":"https:\/\/www.elpolitologoyelpolitico.com.ar\/wordpress\/wp-json\/wp\/v2\/posts\/22300\/revisions"}],"wp:featuredmedia":[{"embeddable":true,"href":"https:\/\/www.elpolitologoyelpolitico.com.ar\/wordpress\/wp-json\/wp\/v2\/media\/22301"}],"wp:attachment":[{"href":"https:\/\/www.elpolitologoyelpolitico.com.ar\/wordpress\/wp-json\/wp\/v2\/media?parent=22300"}],"wp:term":[{"taxonomy":"category","embeddable":true,"href":"https:\/\/www.elpolitologoyelpolitico.com.ar\/wordpress\/wp-json\/wp\/v2\/categories?post=22300"},{"taxonomy":"post_tag","embeddable":true,"href":"https:\/\/www.elpolitologoyelpolitico.com.ar\/wordpress\/wp-json\/wp\/v2\/tags?post=22300"}],"curies":[{"name":"wp","href":"https:\/\/api.w.org\/{rel}","templated":true}]}}