{"id":22295,"date":"2022-07-14T00:26:27","date_gmt":"2022-07-14T00:26:27","guid":{"rendered":"https:\/\/www.elpolitologoyelpolitico.com.ar\/wordpress\/?p=22295"},"modified":"2022-07-14T00:27:38","modified_gmt":"2022-07-14T00:27:38","slug":"el-programa-el-girsu-en-la-escuela-sigue-recorriendo-el-distrito","status":"publish","type":"post","link":"https:\/\/www.elpolitologoyelpolitico.com.ar\/wordpress\/2022\/07\/14\/el-programa-el-girsu-en-la-escuela-sigue-recorriendo-el-distrito\/","title":{"rendered":"El programa \u00abEl Girsu en la Escuela\u00bb sigue recorriendo el Distrito"},"content":{"rendered":"\n<p>Se llev\u00f3 a cabo una nueva presentaci\u00f3n del programa \u201cEl GIRSU en la escuela\u201d, que recorre distintas instituciones del Distrito fomentando el cuidado del medio ambiente a trav\u00e9s de la separaci\u00f3n de residuos para su reutilizaci\u00f3n.&nbsp;<\/p>\n\n\n\n<p>En esta ocasi\u00f3n la referente del Equipo T\u00e9cnico del GIRSU, Georgina Tomas, acompa\u00f1ada por promotoras ambientales de la Cooperativa CoTraNVi, realizaron una jornada de juegos y aprendizajes con ni\u00f1os de entre dos y cinco a\u00f1os en el jard\u00edn de Infantes N\u00ba 908.&nbsp;<\/p>\n\n\n\n<p>Adem\u00e1s, compartieron actividades con alumnos de segundo y tercer grado de la Escuela Primaria N\u00ba7, de Bah\u00eda San Blas, llegando a trav\u00e9s ellos a aproximadamente a cien familias de la localidad.<\/p>\n\n\n\n<p>Esta visita est\u00e1 mancomunada con las gestiones para la erradicaci\u00f3n del basural a cielo abierto que se est\u00e1n llevando a cabo desde el Municipio.<\/p>\n\n\n\n<p>Desde el \u00e1rea agradecieron \u201cla predisposici\u00f3n del cuerpo docente y directivos de las distintas instituciones quienes nos reciben con mucha calidez y hacen valiosos aportes para seguir reforzando las tareas de cuidado de nuestro ambiente\u201d.<\/p>\n\n\n\n<figure class=\"wp-block-image size-full\"><img fetchpriority=\"high\" decoding=\"async\" width=\"720\" height=\"545\" src=\"https:\/\/www.elpolitologoyelpolitico.com.ar\/wp-content\/uploads\/2022\/07\/IMG-20220713-WA0055.jpg\" alt=\"\" class=\"wp-image-22297\" srcset=\"https:\/\/www.elpolitologoyelpolitico.com.ar\/wp-content\/uploads\/2022\/07\/IMG-20220713-WA0055.jpg 720w, https:\/\/www.elpolitologoyelpolitico.com.ar\/wp-content\/uploads\/2022\/07\/IMG-20220713-WA0055-300x227.jpg 300w\" sizes=\"(max-width: 720px) 100vw, 720px\" \/><\/figure>\n<div class=\"fb-background-color\">\n\t\t\t  <div \n\t\t\t  \tclass = \"fb-comments\" \n\t\t\t  \tdata-href = \"https:\/\/www.elpolitologoyelpolitico.com.ar\/wordpress\/2022\/07\/14\/el-programa-el-girsu-en-la-escuela-sigue-recorriendo-el-distrito\/\"\n\t\t\t  \tdata-numposts = \"10\"\n\t\t\t  \tdata-lazy = \"true\"\n\t\t\t\tdata-colorscheme = \"light\"\n\t\t\t\tdata-order-by = \"social\"\n\t\t\t\tdata-mobile=true>\n\t\t\t  <\/div><\/div>\n\t\t  <style>\n\t\t    .fb-background-color {\n\t\t\t\tbackground: #ffffff !important;\n\t\t\t}\n\t\t\t.fb_iframe_widget_fluid_desktop iframe {\n\t\t\t    width: 100% !important;\n\t\t\t}\n\t\t  <\/style>\n\t\t  ","protected":false},"excerpt":{"rendered":"<p>Se llev\u00f3 a cabo una nueva presentaci\u00f3n del programa \u201cEl GIRSU en la escuela\u201d, que recorre distintas instituciones del Distrito fomentando el cuidado del medio ambiente a trav\u00e9s de la separaci\u00f3n de residuos para su reutilizaci\u00f3n.&nbsp; En esta ocasi\u00f3n la referente del Equipo T\u00e9cnico del GIRSU, Georgina Tomas, acompa\u00f1ada por promotoras ambientales de la Cooperativa [&hellip;]<\/p>\n","protected":false},"author":4,"featured_media":22296,"comment_status":"closed","ping_status":"closed","sticky":false,"template":"","format":"standard","meta":{"_joinchat":[],"footnotes":""},"categories":[39],"tags":[],"class_list":["post-22295","post","type-post","status-publish","format-standard","has-post-thumbnail","hentry","category-en-esta-seccion"],"_links":{"self":[{"href":"https:\/\/www.elpolitologoyelpolitico.com.ar\/wordpress\/wp-json\/wp\/v2\/posts\/22295","targetHints":{"allow":["GET"]}}],"collection":[{"href":"https:\/\/www.elpolitologoyelpolitico.com.ar\/wordpress\/wp-json\/wp\/v2\/posts"}],"about":[{"href":"https:\/\/www.elpolitologoyelpolitico.com.ar\/wordpress\/wp-json\/wp\/v2\/types\/post"}],"author":[{"embeddable":true,"href":"https:\/\/www.elpolitologoyelpolitico.com.ar\/wordpress\/wp-json\/wp\/v2\/users\/4"}],"replies":[{"embeddable":true,"href":"https:\/\/www.elpolitologoyelpolitico.com.ar\/wordpress\/wp-json\/wp\/v2\/comments?post=22295"}],"version-history":[{"count":0,"href":"https:\/\/www.elpolitologoyelpolitico.com.ar\/wordpress\/wp-json\/wp\/v2\/posts\/22295\/revisions"}],"wp:featuredmedia":[{"embeddable":true,"href":"https:\/\/www.elpolitologoyelpolitico.com.ar\/wordpress\/wp-json\/wp\/v2\/media\/22296"}],"wp:attachment":[{"href":"https:\/\/www.elpolitologoyelpolitico.com.ar\/wordpress\/wp-json\/wp\/v2\/media?parent=22295"}],"wp:term":[{"taxonomy":"category","embeddable":true,"href":"https:\/\/www.elpolitologoyelpolitico.com.ar\/wordpress\/wp-json\/wp\/v2\/categories?post=22295"},{"taxonomy":"post_tag","embeddable":true,"href":"https:\/\/www.elpolitologoyelpolitico.com.ar\/wordpress\/wp-json\/wp\/v2\/tags?post=22295"}],"curies":[{"name":"wp","href":"https:\/\/api.w.org\/{rel}","templated":true}]}}