{"id":22279,"date":"2022-07-13T01:19:15","date_gmt":"2022-07-13T01:19:15","guid":{"rendered":"https:\/\/www.elpolitologoyelpolitico.com.ar\/wordpress\/?p=22279"},"modified":"2022-07-13T01:19:41","modified_gmt":"2022-07-13T01:19:41","slug":"ultima-semana-de-inscripcion-al-programa-en-la-mirada-de-para-construccion-de-monologos","status":"publish","type":"post","link":"https:\/\/www.elpolitologoyelpolitico.com.ar\/wordpress\/2022\/07\/13\/ultima-semana-de-inscripcion-al-programa-en-la-mirada-de-para-construccion-de-monologos\/","title":{"rendered":"\u00daltima Semana de Inscripci\u00f3n al programa \u201cEn La Mirada de\u2026\u201d para construcci\u00f3n de mon\u00f3logos"},"content":{"rendered":"\n<p>El gobierno de Viedma, contin\u00faa inscribiendo al proyecto \u201cEn la Mirada de\u2026\u201d que ser\u00e1 dictado por Mauricio Kartun y Julia Lavatelli, durante los meses de agosto a octubre en el Centro Municipal de Cultura.<\/p>\n\n\n\n<p>\u201cEn la Mirada de\u2026\u201d continua sus inscripciones hasta el 15 de julio a trav\u00e9s del correo culturaviedma\u2026@gmail.com y tiene como objetivo principal nuclear a trabajadores\/as de las artes esc\u00e9nicas (Teatro, Danza, Circo, etc.) en un proyecto de creaci\u00f3n e investigaci\u00f3n teatral.<\/p>\n\n\n\n<p>A trav\u00e9s de un\/una referente encargado\/a de guiar, dirigir y acompa\u00f1ar el proceso, se propone generar una po\u00e9tica propia que funcione como herramienta de creaci\u00f3n de realidad, y que esa mirada del mundo sea la que construye nuestra identidad en consenso con el otro u otra.<\/p>\n\n\n\n<p>En esta oportunidad, el proceso creativo de dramaturgia para actores y actrices ser\u00e1 coordinado por Mauricio Kartun y Julia Lavatelli, proponiendo la composici\u00f3n de micromon\u00f3logos (unidades dram\u00e1ticas de no m\u00e1s de 3 minutos) en los que cada actor pueda abordar la experiencia de escritura dram\u00e1tica y la construcci\u00f3n de un discurso esc\u00e9nico con vocaci\u00f3n espectacular.<\/p>\n\n\n\n<p>Un proceso que va desde la propuesta, su enriquecimiento en el intercambio grupal, la presentaci\u00f3n en formato de improvisaci\u00f3n, el registro textual, la intervenci\u00f3n profesional de Mauricio Kartun sobre esos textos, hasta su representaci\u00f3n en el formato semimontado o \u201cPuesta en espacio\u201d.<\/p>\n\n\n\n<p>Los micromon\u00f3logos abordar\u00e1n un tema com\u00fan a efectos de constituir una pieza de car\u00e1cter integral, pudiendo luego dar lugar a una futura publicaci\u00f3n.<\/p>\n\n\n\n<p>La modalidad del proceso consistir\u00e1 en un encuentro presencial mensual de trabajo intensivo de tres jornadas (jueves, viernes y s\u00e1bados de 17 a 21 h) y dos encuentros virtuales (s\u00e1bados de 10 a 13h).<\/p>\n\n\n\n<p>La inscripci\u00f3n es gratuita y podr\u00e1 realizarse al correo culturaviedma\u2026@gmail.com hasta el 15 de julio inclusive.<\/p>\n\n\n\n<p><strong>Requisitos:<\/strong><\/p>\n\n\n\n<p>-Enviar un CV resumido (1 hoja) .<\/p>\n\n\n\n<p>-Enviar un v\u00eddeo de presentaci\u00f3n personal contando y mostrando sus habilidades y experiencias (3 minutos m\u00e1ximo) como archivo de Google\/Drive en modo p\u00fablico.<\/p>\n\n\n\n<p>Cabe aclarar que, la mera inscripci\u00f3n a esta convocatoria, no implica necesariamente la participaci\u00f3n en este ciclo. Los participantes seleccionados ser\u00e1n confirmados mediante notificaci\u00f3n a su correo electr\u00f3nico a partir del 22 de julio.<\/p>\n\n\n\n<p>Consultas al correo <a href=\"mailto:culturaviedma@gmail.com\">culturaviedma@gmail.com<\/a><\/p>\n\n\n\n<p>Esta iniciativa es llevada adelante a trav\u00e9s de la Subsecretar\u00eda de Cultura de la Munici\u1e55alidad de Viedma, en conjunto con la Secretar\u00eda de Estado de Cultura de la Provincia de R\u00edo Negro.<\/p>\n<div class=\"fb-background-color\">\n\t\t\t  <div \n\t\t\t  \tclass = \"fb-comments\" \n\t\t\t  \tdata-href = \"https:\/\/www.elpolitologoyelpolitico.com.ar\/wordpress\/2022\/07\/13\/ultima-semana-de-inscripcion-al-programa-en-la-mirada-de-para-construccion-de-monologos\/\"\n\t\t\t  \tdata-numposts = \"10\"\n\t\t\t  \tdata-lazy = \"true\"\n\t\t\t\tdata-colorscheme = \"light\"\n\t\t\t\tdata-order-by = \"social\"\n\t\t\t\tdata-mobile=true>\n\t\t\t  <\/div><\/div>\n\t\t  <style>\n\t\t    .fb-background-color {\n\t\t\t\tbackground: #ffffff !important;\n\t\t\t}\n\t\t\t.fb_iframe_widget_fluid_desktop iframe {\n\t\t\t    width: 100% !important;\n\t\t\t}\n\t\t  <\/style>\n\t\t  ","protected":false},"excerpt":{"rendered":"<p>El gobierno de Viedma, contin\u00faa inscribiendo al proyecto \u201cEn la Mirada de\u2026\u201d que ser\u00e1 dictado por Mauricio Kartun y Julia Lavatelli, durante los meses de agosto a octubre en el Centro Municipal de Cultura. \u201cEn la Mirada de\u2026\u201d continua sus inscripciones hasta el 15 de julio a trav\u00e9s del correo culturaviedma\u2026@gmail.com y tiene como objetivo [&hellip;]<\/p>\n","protected":false},"author":4,"featured_media":22280,"comment_status":"closed","ping_status":"closed","sticky":false,"template":"","format":"standard","meta":{"_joinchat":[],"footnotes":""},"categories":[39],"tags":[],"class_list":["post-22279","post","type-post","status-publish","format-standard","has-post-thumbnail","hentry","category-en-esta-seccion"],"_links":{"self":[{"href":"https:\/\/www.elpolitologoyelpolitico.com.ar\/wordpress\/wp-json\/wp\/v2\/posts\/22279","targetHints":{"allow":["GET"]}}],"collection":[{"href":"https:\/\/www.elpolitologoyelpolitico.com.ar\/wordpress\/wp-json\/wp\/v2\/posts"}],"about":[{"href":"https:\/\/www.elpolitologoyelpolitico.com.ar\/wordpress\/wp-json\/wp\/v2\/types\/post"}],"author":[{"embeddable":true,"href":"https:\/\/www.elpolitologoyelpolitico.com.ar\/wordpress\/wp-json\/wp\/v2\/users\/4"}],"replies":[{"embeddable":true,"href":"https:\/\/www.elpolitologoyelpolitico.com.ar\/wordpress\/wp-json\/wp\/v2\/comments?post=22279"}],"version-history":[{"count":0,"href":"https:\/\/www.elpolitologoyelpolitico.com.ar\/wordpress\/wp-json\/wp\/v2\/posts\/22279\/revisions"}],"wp:featuredmedia":[{"embeddable":true,"href":"https:\/\/www.elpolitologoyelpolitico.com.ar\/wordpress\/wp-json\/wp\/v2\/media\/22280"}],"wp:attachment":[{"href":"https:\/\/www.elpolitologoyelpolitico.com.ar\/wordpress\/wp-json\/wp\/v2\/media?parent=22279"}],"wp:term":[{"taxonomy":"category","embeddable":true,"href":"https:\/\/www.elpolitologoyelpolitico.com.ar\/wordpress\/wp-json\/wp\/v2\/categories?post=22279"},{"taxonomy":"post_tag","embeddable":true,"href":"https:\/\/www.elpolitologoyelpolitico.com.ar\/wordpress\/wp-json\/wp\/v2\/tags?post=22279"}],"curies":[{"name":"wp","href":"https:\/\/api.w.org\/{rel}","templated":true}]}}