{"id":22271,"date":"2022-07-12T22:30:01","date_gmt":"2022-07-12T22:30:01","guid":{"rendered":"https:\/\/www.elpolitologoyelpolitico.com.ar\/wordpress\/?p=22271"},"modified":"2022-07-12T22:30:29","modified_gmt":"2022-07-12T22:30:29","slug":"el-proximo-18-de-julio-reabre-sus-puertas-el-museo-historico-regional-emma-nozzi","status":"publish","type":"post","link":"https:\/\/www.elpolitologoyelpolitico.com.ar\/wordpress\/2022\/07\/12\/el-proximo-18-de-julio-reabre-sus-puertas-el-museo-historico-regional-emma-nozzi\/","title":{"rendered":"El pr\u00f3ximo 18 de julio reabre sus puertas el Museo Hist\u00f3rico Regional Emma Nozzi"},"content":{"rendered":"\n<p>El Museo Hist\u00f3rico Regional Emma Nozzi, de Carmen de Patagones, reabrir\u00e1 al p\u00fablico el pr\u00f3ximo 18 de julio, luego de un per\u00edodo de larga interrupci\u00f3n que inici\u00f3 en el a\u00f1o 2018.<\/p>\n\n\n\n<p>\u201cAgradezco las gestiones para la apertura al gobernador de la Provincia, Axel Kicillof, quien junto al presidente del Banco de la Provincia, Juan Cuattromo, hicieron posible la recuperaci\u00f3n de nuestro Museo\u201d, expres\u00f3 el Intendente.&nbsp;&nbsp;<\/p>\n\n\n\n<p>Cabe se\u00f1alar que el jefe comunal realiz\u00f3 diversas gestiones ante el Gobierno de la Provincia para recuperar el espacio, de enorme valor simb\u00f3lico para toda la comunidad, inclusive insisti\u00f3 con su pedido hace pocas semanas atr\u00e1s, en ocasi\u00f3n de la visita del jefe de Asesores del Gobernador de la Provincia de Buenos Aires, Carlos Bianco, a quien ofreci\u00f3 un recorrido por el sitio hist\u00f3rico, guiados por el encargado, Leonardo Dam.&nbsp;<\/p>\n\n\n\n<p>En ese sentido, el mandatario destac\u00f3 que la reapertura concuerda con el receso invernal, una ocasi\u00f3n ideal para las familias y los turistas.&nbsp;<\/p>\n\n\n\n<p>\u201cHemos concluido una serie de reformas edilicias necesarias y resuelto la incorporaci\u00f3n del personal m\u00ednimo para reiniciar las actividades. Conscientes del enorme valor simb\u00f3lico que reviste el Nozzi para la comunidad local y para la Provincia toda\u201d, comunicaron desde el Banco de la Provincia de Buenos Aires.<\/p>\n\n\n\n<p>Del mismo modo, celebraron la reapertura del Museo \u201cen el marco de un hito trascendente en nuestra vida institucional como es la celebraci\u00f3n de nuestro Bicentenario\u201d y \u201cen cumplimiento de las directivas del Gobernador, Axel Kicillof, en el sentido de construir un Banco que est\u00e9 al servicio del desarrollo de la provincia de Buenos Aires y pueda dialogar cara a cara con su pueblo, en materia de servicios financieros pero tambi\u00e9n en todo aquello que contribuya a mejorar su calidad de vida\u201d.<\/p>\n\n\n\n<figure class=\"wp-block-gallery has-nested-images columns-default is-cropped wp-block-gallery-1 is-layout-flex wp-block-gallery-is-layout-flex\">\n<figure class=\"wp-block-image size-large\"><img fetchpriority=\"high\" decoding=\"async\" width=\"720\" height=\"324\" data-id=\"22274\" src=\"https:\/\/www.elpolitologoyelpolitico.com.ar\/wp-content\/uploads\/2022\/07\/IMG-20220712-WA0022.jpg\" alt=\"\" class=\"wp-image-22274\" srcset=\"https:\/\/www.elpolitologoyelpolitico.com.ar\/wp-content\/uploads\/2022\/07\/IMG-20220712-WA0022.jpg 720w, https:\/\/www.elpolitologoyelpolitico.com.ar\/wp-content\/uploads\/2022\/07\/IMG-20220712-WA0022-300x135.jpg 300w\" sizes=\"(max-width: 720px) 100vw, 720px\" \/><\/figure>\n\n\n\n<figure class=\"wp-block-image size-large\"><img decoding=\"async\" width=\"720\" height=\"324\" data-id=\"22275\" src=\"https:\/\/www.elpolitologoyelpolitico.com.ar\/wp-content\/uploads\/2022\/07\/IMG-20220712-WA0023.jpg\" alt=\"\" class=\"wp-image-22275\" srcset=\"https:\/\/www.elpolitologoyelpolitico.com.ar\/wp-content\/uploads\/2022\/07\/IMG-20220712-WA0023.jpg 720w, https:\/\/www.elpolitologoyelpolitico.com.ar\/wp-content\/uploads\/2022\/07\/IMG-20220712-WA0023-300x135.jpg 300w\" sizes=\"(max-width: 720px) 100vw, 720px\" \/><\/figure>\n<\/figure>\n<div class=\"fb-background-color\">\n\t\t\t  <div \n\t\t\t  \tclass = \"fb-comments\" \n\t\t\t  \tdata-href = \"https:\/\/www.elpolitologoyelpolitico.com.ar\/wordpress\/2022\/07\/12\/el-proximo-18-de-julio-reabre-sus-puertas-el-museo-historico-regional-emma-nozzi\/\"\n\t\t\t  \tdata-numposts = \"10\"\n\t\t\t  \tdata-lazy = \"true\"\n\t\t\t\tdata-colorscheme = \"light\"\n\t\t\t\tdata-order-by = \"social\"\n\t\t\t\tdata-mobile=true>\n\t\t\t  <\/div><\/div>\n\t\t  <style>\n\t\t    .fb-background-color {\n\t\t\t\tbackground: #ffffff !important;\n\t\t\t}\n\t\t\t.fb_iframe_widget_fluid_desktop iframe {\n\t\t\t    width: 100% !important;\n\t\t\t}\n\t\t  <\/style>\n\t\t  ","protected":false},"excerpt":{"rendered":"<p>El Museo Hist\u00f3rico Regional Emma Nozzi, de Carmen de Patagones, reabrir\u00e1 al p\u00fablico el pr\u00f3ximo 18 de julio, luego de un per\u00edodo de larga interrupci\u00f3n que inici\u00f3 en el a\u00f1o 2018. \u201cAgradezco las gestiones para la apertura al gobernador de la Provincia, Axel Kicillof, quien junto al presidente del Banco de la Provincia, Juan Cuattromo, [&hellip;]<\/p>\n","protected":false},"author":4,"featured_media":22273,"comment_status":"closed","ping_status":"closed","sticky":false,"template":"","format":"standard","meta":{"_joinchat":[],"footnotes":""},"categories":[39],"tags":[],"class_list":["post-22271","post","type-post","status-publish","format-standard","has-post-thumbnail","hentry","category-en-esta-seccion"],"_links":{"self":[{"href":"https:\/\/www.elpolitologoyelpolitico.com.ar\/wordpress\/wp-json\/wp\/v2\/posts\/22271","targetHints":{"allow":["GET"]}}],"collection":[{"href":"https:\/\/www.elpolitologoyelpolitico.com.ar\/wordpress\/wp-json\/wp\/v2\/posts"}],"about":[{"href":"https:\/\/www.elpolitologoyelpolitico.com.ar\/wordpress\/wp-json\/wp\/v2\/types\/post"}],"author":[{"embeddable":true,"href":"https:\/\/www.elpolitologoyelpolitico.com.ar\/wordpress\/wp-json\/wp\/v2\/users\/4"}],"replies":[{"embeddable":true,"href":"https:\/\/www.elpolitologoyelpolitico.com.ar\/wordpress\/wp-json\/wp\/v2\/comments?post=22271"}],"version-history":[{"count":0,"href":"https:\/\/www.elpolitologoyelpolitico.com.ar\/wordpress\/wp-json\/wp\/v2\/posts\/22271\/revisions"}],"wp:featuredmedia":[{"embeddable":true,"href":"https:\/\/www.elpolitologoyelpolitico.com.ar\/wordpress\/wp-json\/wp\/v2\/media\/22273"}],"wp:attachment":[{"href":"https:\/\/www.elpolitologoyelpolitico.com.ar\/wordpress\/wp-json\/wp\/v2\/media?parent=22271"}],"wp:term":[{"taxonomy":"category","embeddable":true,"href":"https:\/\/www.elpolitologoyelpolitico.com.ar\/wordpress\/wp-json\/wp\/v2\/categories?post=22271"},{"taxonomy":"post_tag","embeddable":true,"href":"https:\/\/www.elpolitologoyelpolitico.com.ar\/wordpress\/wp-json\/wp\/v2\/tags?post=22271"}],"curies":[{"name":"wp","href":"https:\/\/api.w.org\/{rel}","templated":true}]}}