{"id":22261,"date":"2022-07-12T17:47:32","date_gmt":"2022-07-12T17:47:32","guid":{"rendered":"https:\/\/www.elpolitologoyelpolitico.com.ar\/wordpress\/?p=22261"},"modified":"2022-07-12T17:48:41","modified_gmt":"2022-07-12T17:48:41","slug":"la-subsecretaria-de-turismo-participara-junto-al-envitur-de-la-fiesta-nacional-del-postre","status":"publish","type":"post","link":"https:\/\/www.elpolitologoyelpolitico.com.ar\/wordpress\/2022\/07\/12\/la-subsecretaria-de-turismo-participara-junto-al-envitur-de-la-fiesta-nacional-del-postre\/","title":{"rendered":"La Subsecretaria de Turismo participar\u00e1 junto al Envitur de la \u201cFiesta Nacional del Postre\u201d"},"content":{"rendered":"\n<p>Los d\u00edas 15, 16 y 17 de Julio se llevar\u00e1 a cabo la \u201cFiesta Nacional del Postre\u201d en la localidad bonaerense de Balcarce.&nbsp; En esta oportunidad la ciudad de Viedma estar\u00e1 representada por integrantes del Envitur (Ente Mixto de Promoci\u00f3n Turistica), la&nbsp; Subsecretaria de Turismo, el Ministerio de Turismo y Deporte de R\u00edo Negro y la pastelera local Ana Agosteguis.<\/p>\n\n\n\n<p>El Envitur tiene como principal finalidad fomentar la promoci\u00f3n del turismo en la capital rionegrina, por lo que eventos como las fiestas naciones se vuelven una importante oportunidad para la promoci\u00f3n de Destino Viedma. El stand contar\u00e1 con folleter\u00eda, obsequios de productos locales y una amplia oferta de actividades, servicios y atractivos que posee nuestra ciudad para estas vacaciones de invierno.<\/p>\n\n\n\n<p>La pastelera profesional Ana Agosteguis acompa\u00f1ar\u00e1 en esta representaci\u00f3n ya que el d\u00eda domingo brindar\u00e1 una clase magistral dentro del mencionado evento.<\/p>\n\n\n\n<figure class=\"wp-block-image size-large\"><img fetchpriority=\"high\" decoding=\"async\" width=\"1024\" height=\"626\" src=\"https:\/\/www.elpolitologoyelpolitico.com.ar\/wp-content\/uploads\/2022\/07\/IMG-20220712-WA0010-1024x626.jpg\" alt=\"\" class=\"wp-image-22263\" srcset=\"https:\/\/www.elpolitologoyelpolitico.com.ar\/wp-content\/uploads\/2022\/07\/IMG-20220712-WA0010-1024x626.jpg 1024w, https:\/\/www.elpolitologoyelpolitico.com.ar\/wp-content\/uploads\/2022\/07\/IMG-20220712-WA0010-300x183.jpg 300w, https:\/\/www.elpolitologoyelpolitico.com.ar\/wp-content\/uploads\/2022\/07\/IMG-20220712-WA0010-768x469.jpg 768w, https:\/\/www.elpolitologoyelpolitico.com.ar\/wp-content\/uploads\/2022\/07\/IMG-20220712-WA0010.jpg 1180w\" sizes=\"(max-width: 1024px) 100vw, 1024px\" \/><\/figure>\n<div class=\"fb-background-color\">\n\t\t\t  <div \n\t\t\t  \tclass = \"fb-comments\" \n\t\t\t  \tdata-href = \"https:\/\/www.elpolitologoyelpolitico.com.ar\/wordpress\/2022\/07\/12\/la-subsecretaria-de-turismo-participara-junto-al-envitur-de-la-fiesta-nacional-del-postre\/\"\n\t\t\t  \tdata-numposts = \"10\"\n\t\t\t  \tdata-lazy = \"true\"\n\t\t\t\tdata-colorscheme = \"light\"\n\t\t\t\tdata-order-by = \"social\"\n\t\t\t\tdata-mobile=true>\n\t\t\t  <\/div><\/div>\n\t\t  <style>\n\t\t    .fb-background-color {\n\t\t\t\tbackground: #ffffff !important;\n\t\t\t}\n\t\t\t.fb_iframe_widget_fluid_desktop iframe {\n\t\t\t    width: 100% !important;\n\t\t\t}\n\t\t  <\/style>\n\t\t  ","protected":false},"excerpt":{"rendered":"<p>Los d\u00edas 15, 16 y 17 de Julio se llevar\u00e1 a cabo la \u201cFiesta Nacional del Postre\u201d en la localidad bonaerense de Balcarce.&nbsp; En esta oportunidad la ciudad de Viedma estar\u00e1 representada por integrantes del Envitur (Ente Mixto de Promoci\u00f3n Turistica), la&nbsp; Subsecretaria de Turismo, el Ministerio de Turismo y Deporte de R\u00edo Negro y [&hellip;]<\/p>\n","protected":false},"author":4,"featured_media":22262,"comment_status":"closed","ping_status":"closed","sticky":false,"template":"","format":"standard","meta":{"_joinchat":[],"footnotes":""},"categories":[39],"tags":[],"class_list":["post-22261","post","type-post","status-publish","format-standard","has-post-thumbnail","hentry","category-en-esta-seccion"],"_links":{"self":[{"href":"https:\/\/www.elpolitologoyelpolitico.com.ar\/wordpress\/wp-json\/wp\/v2\/posts\/22261","targetHints":{"allow":["GET"]}}],"collection":[{"href":"https:\/\/www.elpolitologoyelpolitico.com.ar\/wordpress\/wp-json\/wp\/v2\/posts"}],"about":[{"href":"https:\/\/www.elpolitologoyelpolitico.com.ar\/wordpress\/wp-json\/wp\/v2\/types\/post"}],"author":[{"embeddable":true,"href":"https:\/\/www.elpolitologoyelpolitico.com.ar\/wordpress\/wp-json\/wp\/v2\/users\/4"}],"replies":[{"embeddable":true,"href":"https:\/\/www.elpolitologoyelpolitico.com.ar\/wordpress\/wp-json\/wp\/v2\/comments?post=22261"}],"version-history":[{"count":0,"href":"https:\/\/www.elpolitologoyelpolitico.com.ar\/wordpress\/wp-json\/wp\/v2\/posts\/22261\/revisions"}],"wp:featuredmedia":[{"embeddable":true,"href":"https:\/\/www.elpolitologoyelpolitico.com.ar\/wordpress\/wp-json\/wp\/v2\/media\/22262"}],"wp:attachment":[{"href":"https:\/\/www.elpolitologoyelpolitico.com.ar\/wordpress\/wp-json\/wp\/v2\/media?parent=22261"}],"wp:term":[{"taxonomy":"category","embeddable":true,"href":"https:\/\/www.elpolitologoyelpolitico.com.ar\/wordpress\/wp-json\/wp\/v2\/categories?post=22261"},{"taxonomy":"post_tag","embeddable":true,"href":"https:\/\/www.elpolitologoyelpolitico.com.ar\/wordpress\/wp-json\/wp\/v2\/tags?post=22261"}],"curies":[{"name":"wp","href":"https:\/\/api.w.org\/{rel}","templated":true}]}}