{"id":22253,"date":"2022-07-12T15:14:18","date_gmt":"2022-07-12T15:14:18","guid":{"rendered":"https:\/\/www.elpolitologoyelpolitico.com.ar\/wordpress\/?p=22253"},"modified":"2022-07-12T15:14:44","modified_gmt":"2022-07-12T15:14:44","slug":"nueva-charla-sobre-grooming-para-jovenes-del-programa-envion","status":"publish","type":"post","link":"https:\/\/www.elpolitologoyelpolitico.com.ar\/wordpress\/2022\/07\/12\/nueva-charla-sobre-grooming-para-jovenes-del-programa-envion\/","title":{"rendered":"Nueva charla sobre Grooming, para j\u00f3venes del programa Envi\u00f3n"},"content":{"rendered":"\n<p>La Secretar\u00eda de Desarrollo Social, a trav\u00e9s de la Direcci\u00f3n de Ni\u00f1ez, Adolescencia, Juventud y G\u00e9nero, en conjunto con la Coordinaci\u00f3n de Programas P\u00fablicos, organizaron una charla sobre Grooming.&nbsp;<\/p>\n\n\n\n<p>La misma se llev\u00f3 adelante en la sede de la DINAJG.&nbsp;<\/p>\n\n\n\n<p>Fue dictada por integrantes de la Comisar\u00eda de la Familia de Viedma y destinada a los j\u00f3venes que participan del Programa Envi\u00f3n.<\/p>\n<div class=\"fb-background-color\">\n\t\t\t  <div \n\t\t\t  \tclass = \"fb-comments\" \n\t\t\t  \tdata-href = \"https:\/\/www.elpolitologoyelpolitico.com.ar\/wordpress\/2022\/07\/12\/nueva-charla-sobre-grooming-para-jovenes-del-programa-envion\/\"\n\t\t\t  \tdata-numposts = \"10\"\n\t\t\t  \tdata-lazy = \"true\"\n\t\t\t\tdata-colorscheme = \"light\"\n\t\t\t\tdata-order-by = \"social\"\n\t\t\t\tdata-mobile=true>\n\t\t\t  <\/div><\/div>\n\t\t  <style>\n\t\t    .fb-background-color {\n\t\t\t\tbackground: #ffffff !important;\n\t\t\t}\n\t\t\t.fb_iframe_widget_fluid_desktop iframe {\n\t\t\t    width: 100% !important;\n\t\t\t}\n\t\t  <\/style>\n\t\t  ","protected":false},"excerpt":{"rendered":"<p>La Secretar\u00eda de Desarrollo Social, a trav\u00e9s de la Direcci\u00f3n de Ni\u00f1ez, Adolescencia, Juventud y G\u00e9nero, en conjunto con la Coordinaci\u00f3n de Programas P\u00fablicos, organizaron una charla sobre Grooming.&nbsp; La misma se llev\u00f3 adelante en la sede de la DINAJG.&nbsp; Fue dictada por integrantes de la Comisar\u00eda de la Familia de Viedma y destinada a [&hellip;]<\/p>\n","protected":false},"author":4,"featured_media":22254,"comment_status":"closed","ping_status":"closed","sticky":false,"template":"","format":"standard","meta":{"_joinchat":[],"footnotes":""},"categories":[4],"tags":[],"class_list":["post-22253","post","type-post","status-publish","format-standard","has-post-thumbnail","hentry","category-politicas-publicas"],"_links":{"self":[{"href":"https:\/\/www.elpolitologoyelpolitico.com.ar\/wordpress\/wp-json\/wp\/v2\/posts\/22253","targetHints":{"allow":["GET"]}}],"collection":[{"href":"https:\/\/www.elpolitologoyelpolitico.com.ar\/wordpress\/wp-json\/wp\/v2\/posts"}],"about":[{"href":"https:\/\/www.elpolitologoyelpolitico.com.ar\/wordpress\/wp-json\/wp\/v2\/types\/post"}],"author":[{"embeddable":true,"href":"https:\/\/www.elpolitologoyelpolitico.com.ar\/wordpress\/wp-json\/wp\/v2\/users\/4"}],"replies":[{"embeddable":true,"href":"https:\/\/www.elpolitologoyelpolitico.com.ar\/wordpress\/wp-json\/wp\/v2\/comments?post=22253"}],"version-history":[{"count":0,"href":"https:\/\/www.elpolitologoyelpolitico.com.ar\/wordpress\/wp-json\/wp\/v2\/posts\/22253\/revisions"}],"wp:featuredmedia":[{"embeddable":true,"href":"https:\/\/www.elpolitologoyelpolitico.com.ar\/wordpress\/wp-json\/wp\/v2\/media\/22254"}],"wp:attachment":[{"href":"https:\/\/www.elpolitologoyelpolitico.com.ar\/wordpress\/wp-json\/wp\/v2\/media?parent=22253"}],"wp:term":[{"taxonomy":"category","embeddable":true,"href":"https:\/\/www.elpolitologoyelpolitico.com.ar\/wordpress\/wp-json\/wp\/v2\/categories?post=22253"},{"taxonomy":"post_tag","embeddable":true,"href":"https:\/\/www.elpolitologoyelpolitico.com.ar\/wordpress\/wp-json\/wp\/v2\/tags?post=22253"}],"curies":[{"name":"wp","href":"https:\/\/api.w.org\/{rel}","templated":true}]}}