{"id":22247,"date":"2022-07-12T02:50:03","date_gmt":"2022-07-12T02:50:03","guid":{"rendered":"https:\/\/www.elpolitologoyelpolitico.com.ar\/wordpress\/?p=22247"},"modified":"2022-07-12T02:50:26","modified_gmt":"2022-07-12T02:50:26","slug":"inauguraron-las-nuevas-obras-del-aeropuerto-de-bariloche","status":"publish","type":"post","link":"https:\/\/www.elpolitologoyelpolitico.com.ar\/wordpress\/2022\/07\/12\/inauguraron-las-nuevas-obras-del-aeropuerto-de-bariloche\/","title":{"rendered":"Inauguraron las nuevas obras del Aeropuerto de Bariloche"},"content":{"rendered":"\n<p>La Gobernadora Arabela Carreras acompa\u00f1\u00f3 la inauguraci\u00f3n de las obras de ampliaci\u00f3n y modernizaci\u00f3n del Aeropuerto Internacional \u201cTeniente Luis Candelaria\u201d de Bariloche y anunci\u00f3 que en noviembre se llamar\u00e1 a licitaci\u00f3n para la repavimentaci\u00f3n del acceso al predio.<\/p>\n\n\n\n<p>Los trabajos mejoraron el servicio que se ofrece al turismo que elige Bariloche para vacacionar. Se renov\u00f3 el hall de partidas, el \u00e1rea de embarque y se sumaron nuevos locales comerciales y gastron\u00f3micos, entre otras cosas.<\/p>\n\n\n\n<p>El Aeropuerto de Bariloche bati\u00f3 r\u00e9cords durante el primer semestre, con un movimiento estimado de 885.700 personas. Se convirti\u00f3 en el segundo de mayor circulaci\u00f3n de todo el pa\u00eds, despu\u00e9s de Aeroparque.<\/p>\n\n\n\n<p>El acto cont\u00f3 con la presencia de la ministra de Turismo y Deporte de R\u00edo Negro, Martha V\u00e9lez; del CEO de Aeropuertos Argentina 2000, Daniel Ketchibachian y del presidente del Organismo Regulador del Sistema Nacional de Aeropuertos (ORSNA), Carlos Lugones.<\/p>\n\n\n\n<p>\u201cNo alcanzan las palabras para describir el impacto que va a tener esta obra. Quiero felicitar a Aeropuertos Argentina 2000 por el compromiso cumplido, a pesar de la adversidad\u201d, dijo Carreras, quien tambi\u00e9n distingui\u00f3 la tarea del ORSNA y agradeci\u00f3 al Gobierno Nacional por \u201cel compromiso permanente que tienen con la provincia y la ciudad de Bariloche\u201d.<\/p>\n\n\n\n<p>\u201cEn noviembre vamos a llamar a licitaci\u00f3n p\u00fablica para la obra de repavimentaci\u00f3n del acceso al aeropuerto\u201d, anunci\u00f3, destacando que se trata de una obra \u201cmuy importante, que hace a la seguridad y a la calidad de recibimiento al turista\u201d.<\/p>\n\n\n\n<figure class=\"wp-block-image size-large\"><img fetchpriority=\"high\" decoding=\"async\" width=\"1024\" height=\"683\" src=\"https:\/\/www.elpolitologoyelpolitico.com.ar\/wp-content\/uploads\/2022\/07\/IMG-20220711-WA0061-1024x683.jpg\" alt=\"\" class=\"wp-image-22250\" srcset=\"https:\/\/www.elpolitologoyelpolitico.com.ar\/wp-content\/uploads\/2022\/07\/IMG-20220711-WA0061-1024x683.jpg 1024w, https:\/\/www.elpolitologoyelpolitico.com.ar\/wp-content\/uploads\/2022\/07\/IMG-20220711-WA0061-300x200.jpg 300w, https:\/\/www.elpolitologoyelpolitico.com.ar\/wp-content\/uploads\/2022\/07\/IMG-20220711-WA0061-768x512.jpg 768w, https:\/\/www.elpolitologoyelpolitico.com.ar\/wp-content\/uploads\/2022\/07\/IMG-20220711-WA0061.jpg 1347w\" sizes=\"(max-width: 1024px) 100vw, 1024px\" \/><\/figure>\n\n\n\n<p>Carreras reconoci\u00f3 la tarea de las trabajadoras y trabajadores del Aeropuerto, quienes son \u201clos primeros en la l\u00ednea de respuesta hacia el pasajero cuando surgen inconvenientes\u201d, al tiempo que resalt\u00f3 la decisi\u00f3n de Aerol\u00edneas Argentinas de reforzar la conectividad en Bariloche, con un vuelo directo diario a Brasil y la recuperaci\u00f3n de la conexi\u00f3n con Viedma.<\/p>\n\n\n\n<p>\u201cEl turismo es trabajo y es bienestar para nuestras familias. Hasta hace poco no cont\u00e1bamos con los aeropuertos abiertos y los colectivos llegando. Est\u00e1bamos en un frio invierno, sin turistas y con un grado de angustia muy grande. Ahora, no solo hemos recuperado eso, sino que estamos batiendo r\u00e9cords hist\u00f3ricos\u201d, dijo Carreras.<\/p>\n\n\n\n<p>La Gobernadora reconoci\u00f3 la fuerte inversi\u00f3n que hace el sector tur\u00edstico privado, pero tambi\u00e9n destac\u00f3 el gran esfuerzo del Estado con obras de infraestructura. \u201cEl Municipio con las mejoras en los accesos, la Provincia ejecutando el nuevo hospital de la ciudad, una demanda hist\u00f3rica del sector privado del turismo; y junto al Gobierno Nacional, avanzando en la Avenida Bustillo y la nueva Terminal de \u00d3mnibus\u201d, detall\u00f3.<\/p>\n\n\n\n<p>Por su parte, Ketchibachian destac\u00f3 la importancia de invertir en Bariloche, a pesar de las complicaciones surgidas por la pandemia. \u201cQuiero agradecer a todos los que hicieron posible esto, porque dos a\u00f1os despu\u00e9s vemos que no nos equivocamos. Cuando uno ve los n\u00fameros de Bariloche, son sorprendentes: el primer semestre de este a\u00f1o fue r\u00e9cord hist\u00f3rico de pasajeros\u201d.<\/p>\n\n\n\n<p>En tanto, Lugones tambi\u00e9n coincidi\u00f3 en destacar los nuevos trabajos: \u201cHoy estamos inaugurando obras que van a lograr eficientizar la distribuci\u00f3n de los sistemas operativos del aeropuerto\u201d, dijo y remarc\u00f3 \u201cla interacci\u00f3n\u201d de los organismos estatales y el sector privado para llegar hasta esta inauguraci\u00f3n.<\/p>\n\n\n\n<p>Acompa\u00f1aron la inauguraci\u00f3n, el ministro de Obras y Servicios P\u00fablicos, Carlos Valeri; la intendenta de Dina Huapi, M\u00f3nica Balseiro; la senadora nacional, Silvina Garc\u00eda Larraburu; el legislador Juan Pablo Muena y Ram\u00f3n Chiocconi y las legisladoras Julia Fern\u00e1ndez, Claudia Contreras y Adriana del Agua; empresarios y representantes del sector tur\u00edstico.<br><\/p>\n\n\n\n<p><strong>\u00bfCu\u00e1les fueron las obras?<\/strong><\/p>\n\n\n\n<p>Los trabajos incluyen la renovaci\u00f3n del hall p\u00fablico de partidas, la ampliaci\u00f3n del \u00e1rea de embarque con dos nuevas posiciones, 24 nuevos puestos de check-in, un nuevo sistema de equipajes y un nuevo hall de seguridad.<\/p>\n\n\n\n<p>Tambi\u00e9n se sumaron locales comerciales y gastron\u00f3micos, sala VIP, de oficinas operativas y n\u00facleos sanitarios, se aumentaron a tres las mangas telesc\u00f3picas y se construyeron dos nuevos puentes de embarque.<\/p>\n\n\n\n<p>Las obras continuar\u00e1n en una pr\u00f3xima etapa con la ampliaci\u00f3n de la Plataforma Auxiliar, ya en adjudicaci\u00f3n y con una inversi\u00f3n de $248.000.000; incluyendo obras complementarias que mejorar\u00e1n el lugar.<\/p>\n\n\n\n<figure class=\"wp-block-image size-large\"><img decoding=\"async\" width=\"1024\" height=\"683\" src=\"https:\/\/www.elpolitologoyelpolitico.com.ar\/wp-content\/uploads\/2022\/07\/IMG-20220711-WA0062-1024x683.jpg\" alt=\"\" class=\"wp-image-22249\" srcset=\"https:\/\/www.elpolitologoyelpolitico.com.ar\/wp-content\/uploads\/2022\/07\/IMG-20220711-WA0062-1024x683.jpg 1024w, https:\/\/www.elpolitologoyelpolitico.com.ar\/wp-content\/uploads\/2022\/07\/IMG-20220711-WA0062-300x200.jpg 300w, https:\/\/www.elpolitologoyelpolitico.com.ar\/wp-content\/uploads\/2022\/07\/IMG-20220711-WA0062-768x512.jpg 768w, https:\/\/www.elpolitologoyelpolitico.com.ar\/wp-content\/uploads\/2022\/07\/IMG-20220711-WA0062-1536x1024.jpg 1536w, https:\/\/www.elpolitologoyelpolitico.com.ar\/wp-content\/uploads\/2022\/07\/IMG-20220711-WA0062.jpg 1560w\" sizes=\"(max-width: 1024px) 100vw, 1024px\" \/><\/figure>\n<div class=\"fb-background-color\">\n\t\t\t  <div \n\t\t\t  \tclass = \"fb-comments\" \n\t\t\t  \tdata-href = \"https:\/\/www.elpolitologoyelpolitico.com.ar\/wordpress\/2022\/07\/12\/inauguraron-las-nuevas-obras-del-aeropuerto-de-bariloche\/\"\n\t\t\t  \tdata-numposts = \"10\"\n\t\t\t  \tdata-lazy = \"true\"\n\t\t\t\tdata-colorscheme = \"light\"\n\t\t\t\tdata-order-by = \"social\"\n\t\t\t\tdata-mobile=true>\n\t\t\t  <\/div><\/div>\n\t\t  <style>\n\t\t    .fb-background-color {\n\t\t\t\tbackground: #ffffff !important;\n\t\t\t}\n\t\t\t.fb_iframe_widget_fluid_desktop iframe {\n\t\t\t    width: 100% !important;\n\t\t\t}\n\t\t  <\/style>\n\t\t  ","protected":false},"excerpt":{"rendered":"<p>La Gobernadora Arabela Carreras acompa\u00f1\u00f3 la inauguraci\u00f3n de las obras de ampliaci\u00f3n y modernizaci\u00f3n del Aeropuerto Internacional \u201cTeniente Luis Candelaria\u201d de Bariloche y anunci\u00f3 que en noviembre se llamar\u00e1 a licitaci\u00f3n para la repavimentaci\u00f3n del acceso al predio. Los trabajos mejoraron el servicio que se ofrece al turismo que elige Bariloche para vacacionar. Se renov\u00f3 [&hellip;]<\/p>\n","protected":false},"author":4,"featured_media":22248,"comment_status":"closed","ping_status":"closed","sticky":false,"template":"","format":"standard","meta":{"_joinchat":[],"footnotes":""},"categories":[4],"tags":[],"class_list":["post-22247","post","type-post","status-publish","format-standard","has-post-thumbnail","hentry","category-politicas-publicas"],"_links":{"self":[{"href":"https:\/\/www.elpolitologoyelpolitico.com.ar\/wordpress\/wp-json\/wp\/v2\/posts\/22247","targetHints":{"allow":["GET"]}}],"collection":[{"href":"https:\/\/www.elpolitologoyelpolitico.com.ar\/wordpress\/wp-json\/wp\/v2\/posts"}],"about":[{"href":"https:\/\/www.elpolitologoyelpolitico.com.ar\/wordpress\/wp-json\/wp\/v2\/types\/post"}],"author":[{"embeddable":true,"href":"https:\/\/www.elpolitologoyelpolitico.com.ar\/wordpress\/wp-json\/wp\/v2\/users\/4"}],"replies":[{"embeddable":true,"href":"https:\/\/www.elpolitologoyelpolitico.com.ar\/wordpress\/wp-json\/wp\/v2\/comments?post=22247"}],"version-history":[{"count":0,"href":"https:\/\/www.elpolitologoyelpolitico.com.ar\/wordpress\/wp-json\/wp\/v2\/posts\/22247\/revisions"}],"wp:featuredmedia":[{"embeddable":true,"href":"https:\/\/www.elpolitologoyelpolitico.com.ar\/wordpress\/wp-json\/wp\/v2\/media\/22248"}],"wp:attachment":[{"href":"https:\/\/www.elpolitologoyelpolitico.com.ar\/wordpress\/wp-json\/wp\/v2\/media?parent=22247"}],"wp:term":[{"taxonomy":"category","embeddable":true,"href":"https:\/\/www.elpolitologoyelpolitico.com.ar\/wordpress\/wp-json\/wp\/v2\/categories?post=22247"},{"taxonomy":"post_tag","embeddable":true,"href":"https:\/\/www.elpolitologoyelpolitico.com.ar\/wordpress\/wp-json\/wp\/v2\/tags?post=22247"}],"curies":[{"name":"wp","href":"https:\/\/api.w.org\/{rel}","templated":true}]}}