{"id":22241,"date":"2022-07-12T02:14:57","date_gmt":"2022-07-12T02:14:57","guid":{"rendered":"https:\/\/www.elpolitologoyelpolitico.com.ar\/wordpress\/?p=22241"},"modified":"2022-07-12T02:16:40","modified_gmt":"2022-07-12T02:16:40","slug":"importantes-avances-en-la-obra-de-construccion-del-sum-de-la-escuela-no4","status":"publish","type":"post","link":"https:\/\/www.elpolitologoyelpolitico.com.ar\/wordpress\/2022\/07\/12\/importantes-avances-en-la-obra-de-construccion-del-sum-de-la-escuela-no4\/","title":{"rendered":"Importantes avances en la obra de construcci\u00f3n del SUM de la Escuela N\u00ba4"},"content":{"rendered":"\n<p>El Intendente Municipal, Ing. Jos\u00e9 Luis Zara, visit\u00f3 la obra de construcci\u00f3n del Sal\u00f3n de Usos M\u00faltiples de la localidad de Juan A. Pradere.&nbsp;<\/p>\n\n\n\n<p>El jefe comunal estuvo acompa\u00f1ado por el jefe de Gabinete, Fabio Bettinelli, y la Directora de Ceremonial y Protocolo, Cyntia C\u00e1ceres.&nbsp;<\/p>\n\n\n\n<p>La obra, que abarca m\u00e1s de 300 mts2, cuenta con un presupuesto superior a los 49 millones y es financiada a trav\u00e9s del Fondo Educativo.&nbsp;<\/p>\n\n\n\n<p>El nuevo espacio surgi\u00f3 en respuesta a la necesidad de la comunidad educativa que requer\u00eda un lugar cerrado para realizar las actividades de la escuela.<\/p>\n\n\n\n<p>La construcci\u00f3n se realizar\u00e1 de forma tradicional, con estructura de hormig\u00f3n armado.&nbsp;<\/p>\n\n\n\n<p>Adem\u00e1s, construir\u00e1 una galer\u00eda semicubierta que conecta con el edificio existente de la Escuela.<\/p>\n\n\n\n<figure class=\"wp-block-gallery has-nested-images columns-default is-cropped wp-block-gallery-1 is-layout-flex wp-block-gallery-is-layout-flex\">\n<figure class=\"wp-block-image size-large\"><img fetchpriority=\"high\" decoding=\"async\" width=\"720\" height=\"324\" data-id=\"22243\" src=\"https:\/\/www.elpolitologoyelpolitico.com.ar\/wp-content\/uploads\/2022\/07\/IMG-20220711-WA0059.jpg\" alt=\"\" class=\"wp-image-22243\" srcset=\"https:\/\/www.elpolitologoyelpolitico.com.ar\/wp-content\/uploads\/2022\/07\/IMG-20220711-WA0059.jpg 720w, https:\/\/www.elpolitologoyelpolitico.com.ar\/wp-content\/uploads\/2022\/07\/IMG-20220711-WA0059-300x135.jpg 300w\" sizes=\"(max-width: 720px) 100vw, 720px\" \/><\/figure>\n\n\n\n<figure class=\"wp-block-image size-large\"><img decoding=\"async\" width=\"720\" height=\"324\" data-id=\"22244\" src=\"https:\/\/www.elpolitologoyelpolitico.com.ar\/wp-content\/uploads\/2022\/07\/IMG-20220711-WA0058.jpg\" alt=\"\" class=\"wp-image-22244\" srcset=\"https:\/\/www.elpolitologoyelpolitico.com.ar\/wp-content\/uploads\/2022\/07\/IMG-20220711-WA0058.jpg 720w, https:\/\/www.elpolitologoyelpolitico.com.ar\/wp-content\/uploads\/2022\/07\/IMG-20220711-WA0058-300x135.jpg 300w\" sizes=\"(max-width: 720px) 100vw, 720px\" \/><\/figure>\n<\/figure>\n<div class=\"fb-background-color\">\n\t\t\t  <div \n\t\t\t  \tclass = \"fb-comments\" \n\t\t\t  \tdata-href = \"https:\/\/www.elpolitologoyelpolitico.com.ar\/wordpress\/2022\/07\/12\/importantes-avances-en-la-obra-de-construccion-del-sum-de-la-escuela-no4\/\"\n\t\t\t  \tdata-numposts = \"10\"\n\t\t\t  \tdata-lazy = \"true\"\n\t\t\t\tdata-colorscheme = \"light\"\n\t\t\t\tdata-order-by = \"social\"\n\t\t\t\tdata-mobile=true>\n\t\t\t  <\/div><\/div>\n\t\t  <style>\n\t\t    .fb-background-color {\n\t\t\t\tbackground: #ffffff !important;\n\t\t\t}\n\t\t\t.fb_iframe_widget_fluid_desktop iframe {\n\t\t\t    width: 100% !important;\n\t\t\t}\n\t\t  <\/style>\n\t\t  ","protected":false},"excerpt":{"rendered":"<p>El Intendente Municipal, Ing. Jos\u00e9 Luis Zara, visit\u00f3 la obra de construcci\u00f3n del Sal\u00f3n de Usos M\u00faltiples de la localidad de Juan A. Pradere.&nbsp; El jefe comunal estuvo acompa\u00f1ado por el jefe de Gabinete, Fabio Bettinelli, y la Directora de Ceremonial y Protocolo, Cyntia C\u00e1ceres.&nbsp; La obra, que abarca m\u00e1s de 300 mts2, cuenta con [&hellip;]<\/p>\n","protected":false},"author":4,"featured_media":22242,"comment_status":"closed","ping_status":"closed","sticky":false,"template":"","format":"standard","meta":{"_joinchat":[],"footnotes":""},"categories":[4],"tags":[],"class_list":["post-22241","post","type-post","status-publish","format-standard","has-post-thumbnail","hentry","category-politicas-publicas"],"_links":{"self":[{"href":"https:\/\/www.elpolitologoyelpolitico.com.ar\/wordpress\/wp-json\/wp\/v2\/posts\/22241","targetHints":{"allow":["GET"]}}],"collection":[{"href":"https:\/\/www.elpolitologoyelpolitico.com.ar\/wordpress\/wp-json\/wp\/v2\/posts"}],"about":[{"href":"https:\/\/www.elpolitologoyelpolitico.com.ar\/wordpress\/wp-json\/wp\/v2\/types\/post"}],"author":[{"embeddable":true,"href":"https:\/\/www.elpolitologoyelpolitico.com.ar\/wordpress\/wp-json\/wp\/v2\/users\/4"}],"replies":[{"embeddable":true,"href":"https:\/\/www.elpolitologoyelpolitico.com.ar\/wordpress\/wp-json\/wp\/v2\/comments?post=22241"}],"version-history":[{"count":0,"href":"https:\/\/www.elpolitologoyelpolitico.com.ar\/wordpress\/wp-json\/wp\/v2\/posts\/22241\/revisions"}],"wp:featuredmedia":[{"embeddable":true,"href":"https:\/\/www.elpolitologoyelpolitico.com.ar\/wordpress\/wp-json\/wp\/v2\/media\/22242"}],"wp:attachment":[{"href":"https:\/\/www.elpolitologoyelpolitico.com.ar\/wordpress\/wp-json\/wp\/v2\/media?parent=22241"}],"wp:term":[{"taxonomy":"category","embeddable":true,"href":"https:\/\/www.elpolitologoyelpolitico.com.ar\/wordpress\/wp-json\/wp\/v2\/categories?post=22241"},{"taxonomy":"post_tag","embeddable":true,"href":"https:\/\/www.elpolitologoyelpolitico.com.ar\/wordpress\/wp-json\/wp\/v2\/tags?post=22241"}],"curies":[{"name":"wp","href":"https:\/\/api.w.org\/{rel}","templated":true}]}}