{"id":22237,"date":"2022-07-12T01:03:23","date_gmt":"2022-07-12T01:03:23","guid":{"rendered":"https:\/\/www.elpolitologoyelpolitico.com.ar\/wordpress\/?p=22237"},"modified":"2022-07-12T01:03:50","modified_gmt":"2022-07-12T01:03:50","slug":"vacaciones-de-invierno-con-actividades-deportivas-y-recreativas-para-todas-las-edades","status":"publish","type":"post","link":"https:\/\/www.elpolitologoyelpolitico.com.ar\/wordpress\/2022\/07\/12\/vacaciones-de-invierno-con-actividades-deportivas-y-recreativas-para-todas-las-edades\/","title":{"rendered":"Vacaciones de Invierno con actividades deportivas y recreativas para todas las edades"},"content":{"rendered":"\n<p>En el marco de las vacaciones de invierno, el gobierno de Viedma llevar\u00e1 adelante actividades en el Parque Ferreira y en gimnasios municipales para ni\u00f1os, adolescentes y adultos durante los dos pr\u00f3ximos fines de semana.<\/p>\n\n\n\n<p>El s\u00e1bado 16 de julio, de 14.30 a 17, ser\u00e1 el turno de ni\u00f1os y adolecentes con una gran kermes en el Parque Jorge Ferreira, con inflables, Viedma sobre Ruedas, b\u00e1squet 3\u00d73, voley, handball y m\u00e1s juegos para los mas chicos.<\/p>\n\n\n\n<p>El s\u00e1bado 23 de julio, de 14.30 a 17, habr\u00e1 actividades recreativas programadas para adultos mayores en el Polideportivo Angel Cayetano Arias, en el Anexo y en la cancha de arena lindante.<\/p>\n\n\n\n<p>Durante la jornada para adultos se llevar\u00e1n a cabo muchas actividades como newcom recreativo, juegos de mesa, baile masivo, tejo, tenis de mesa, para que los adultos tambi\u00e9n disfruten de estas vacaciones.<\/p>\n\n\n\n<p>Todas las actividades son organizadas y llevadas adelante a trav\u00e9s de la Subsecretar\u00eda de Deportes del Gobierno de Viedma.<\/p>\n<div class=\"fb-background-color\">\n\t\t\t  <div \n\t\t\t  \tclass = \"fb-comments\" \n\t\t\t  \tdata-href = \"https:\/\/www.elpolitologoyelpolitico.com.ar\/wordpress\/2022\/07\/12\/vacaciones-de-invierno-con-actividades-deportivas-y-recreativas-para-todas-las-edades\/\"\n\t\t\t  \tdata-numposts = \"10\"\n\t\t\t  \tdata-lazy = \"true\"\n\t\t\t\tdata-colorscheme = \"light\"\n\t\t\t\tdata-order-by = \"social\"\n\t\t\t\tdata-mobile=true>\n\t\t\t  <\/div><\/div>\n\t\t  <style>\n\t\t    .fb-background-color {\n\t\t\t\tbackground: #ffffff !important;\n\t\t\t}\n\t\t\t.fb_iframe_widget_fluid_desktop iframe {\n\t\t\t    width: 100% !important;\n\t\t\t}\n\t\t  <\/style>\n\t\t  ","protected":false},"excerpt":{"rendered":"<p>En el marco de las vacaciones de invierno, el gobierno de Viedma llevar\u00e1 adelante actividades en el Parque Ferreira y en gimnasios municipales para ni\u00f1os, adolescentes y adultos durante los dos pr\u00f3ximos fines de semana. El s\u00e1bado 16 de julio, de 14.30 a 17, ser\u00e1 el turno de ni\u00f1os y adolecentes con una gran kermes [&hellip;]<\/p>\n","protected":false},"author":4,"featured_media":22238,"comment_status":"closed","ping_status":"closed","sticky":false,"template":"","format":"standard","meta":{"_joinchat":[],"footnotes":""},"categories":[39],"tags":[],"class_list":["post-22237","post","type-post","status-publish","format-standard","has-post-thumbnail","hentry","category-en-esta-seccion"],"_links":{"self":[{"href":"https:\/\/www.elpolitologoyelpolitico.com.ar\/wordpress\/wp-json\/wp\/v2\/posts\/22237","targetHints":{"allow":["GET"]}}],"collection":[{"href":"https:\/\/www.elpolitologoyelpolitico.com.ar\/wordpress\/wp-json\/wp\/v2\/posts"}],"about":[{"href":"https:\/\/www.elpolitologoyelpolitico.com.ar\/wordpress\/wp-json\/wp\/v2\/types\/post"}],"author":[{"embeddable":true,"href":"https:\/\/www.elpolitologoyelpolitico.com.ar\/wordpress\/wp-json\/wp\/v2\/users\/4"}],"replies":[{"embeddable":true,"href":"https:\/\/www.elpolitologoyelpolitico.com.ar\/wordpress\/wp-json\/wp\/v2\/comments?post=22237"}],"version-history":[{"count":0,"href":"https:\/\/www.elpolitologoyelpolitico.com.ar\/wordpress\/wp-json\/wp\/v2\/posts\/22237\/revisions"}],"wp:featuredmedia":[{"embeddable":true,"href":"https:\/\/www.elpolitologoyelpolitico.com.ar\/wordpress\/wp-json\/wp\/v2\/media\/22238"}],"wp:attachment":[{"href":"https:\/\/www.elpolitologoyelpolitico.com.ar\/wordpress\/wp-json\/wp\/v2\/media?parent=22237"}],"wp:term":[{"taxonomy":"category","embeddable":true,"href":"https:\/\/www.elpolitologoyelpolitico.com.ar\/wordpress\/wp-json\/wp\/v2\/categories?post=22237"},{"taxonomy":"post_tag","embeddable":true,"href":"https:\/\/www.elpolitologoyelpolitico.com.ar\/wordpress\/wp-json\/wp\/v2\/tags?post=22237"}],"curies":[{"name":"wp","href":"https:\/\/api.w.org\/{rel}","templated":true}]}}