{"id":22233,"date":"2022-07-12T00:33:21","date_gmt":"2022-07-12T00:33:21","guid":{"rendered":"https:\/\/www.elpolitologoyelpolitico.com.ar\/wordpress\/?p=22233"},"modified":"2022-07-12T00:33:59","modified_gmt":"2022-07-12T00:33:59","slug":"viedma-un-total-de-45-familias-de-el-juncal-tendran-red-electrica-y-alumbrado-publico","status":"publish","type":"post","link":"https:\/\/www.elpolitologoyelpolitico.com.ar\/wordpress\/2022\/07\/12\/viedma-un-total-de-45-familias-de-el-juncal-tendran-red-electrica-y-alumbrado-publico\/","title":{"rendered":"Viedma: un total de 45 familias de \u201cEl Juncal\u201d tendr\u00e1n red el\u00e9ctrica y alumbrado p\u00fablico"},"content":{"rendered":"\n<p>El proyecto de alumbrado p\u00fablico y red el\u00e9ctrica para el Loteo Social El Juncal beneficiar\u00e1 a 45 familias, ubicadas en el \u00e1rea que abarca el Instituto de Desarrollo del Valle Inferior (IDEVI). El avance de los trabajos ya es del 39%.<\/p>\n\n\n\n<p>Su estado actual representa la ejecuci\u00f3n de las bases, la colocaci\u00f3n de los postes de madera y el hormig\u00f3n, y el tendido del conductor.<\/p>\n\n\n\n<p>Las familias por primera vez contar\u00e1n con acceso al servicio de electricidad, y tendr\u00e1n luz en sus calles. Una obra tan necesaria como hist\u00f3rica para la comunidad, y un factor clave para esta zona productiva de la ciudad de Viedma.<\/p>\n\n\n\n<p>El proyecto completo, comprende la construcci\u00f3n de 7 puestas a tierra para columnas; la provisi\u00f3n e instalaci\u00f3n de 20 artefactos de alumbrado p\u00fablico de tecnolog\u00eda LED, y de 120 W de potencia nominal; tendido de 890 m de l\u00ednea de baja tensi\u00f3n trif\u00e1sica; la instalaci\u00f3n de 1 tablero para el comando y medici\u00f3n del sistema de alumbrado p\u00fablico; y entre otras tareas, la prueba de funcionamiento. El presupuesto oficial de los trabajos es de $6.384.420.<\/p>\n<div class=\"fb-background-color\">\n\t\t\t  <div \n\t\t\t  \tclass = \"fb-comments\" \n\t\t\t  \tdata-href = \"https:\/\/www.elpolitologoyelpolitico.com.ar\/wordpress\/2022\/07\/12\/viedma-un-total-de-45-familias-de-el-juncal-tendran-red-electrica-y-alumbrado-publico\/\"\n\t\t\t  \tdata-numposts = \"10\"\n\t\t\t  \tdata-lazy = \"true\"\n\t\t\t\tdata-colorscheme = \"light\"\n\t\t\t\tdata-order-by = \"social\"\n\t\t\t\tdata-mobile=true>\n\t\t\t  <\/div><\/div>\n\t\t  <style>\n\t\t    .fb-background-color {\n\t\t\t\tbackground: #ffffff !important;\n\t\t\t}\n\t\t\t.fb_iframe_widget_fluid_desktop iframe {\n\t\t\t    width: 100% !important;\n\t\t\t}\n\t\t  <\/style>\n\t\t  ","protected":false},"excerpt":{"rendered":"<p>El proyecto de alumbrado p\u00fablico y red el\u00e9ctrica para el Loteo Social El Juncal beneficiar\u00e1 a 45 familias, ubicadas en el \u00e1rea que abarca el Instituto de Desarrollo del Valle Inferior (IDEVI). El avance de los trabajos ya es del 39%. Su estado actual representa la ejecuci\u00f3n de las bases, la colocaci\u00f3n de los postes [&hellip;]<\/p>\n","protected":false},"author":4,"featured_media":22234,"comment_status":"closed","ping_status":"closed","sticky":false,"template":"","format":"standard","meta":{"_joinchat":[],"footnotes":""},"categories":[39],"tags":[],"class_list":["post-22233","post","type-post","status-publish","format-standard","has-post-thumbnail","hentry","category-en-esta-seccion"],"_links":{"self":[{"href":"https:\/\/www.elpolitologoyelpolitico.com.ar\/wordpress\/wp-json\/wp\/v2\/posts\/22233","targetHints":{"allow":["GET"]}}],"collection":[{"href":"https:\/\/www.elpolitologoyelpolitico.com.ar\/wordpress\/wp-json\/wp\/v2\/posts"}],"about":[{"href":"https:\/\/www.elpolitologoyelpolitico.com.ar\/wordpress\/wp-json\/wp\/v2\/types\/post"}],"author":[{"embeddable":true,"href":"https:\/\/www.elpolitologoyelpolitico.com.ar\/wordpress\/wp-json\/wp\/v2\/users\/4"}],"replies":[{"embeddable":true,"href":"https:\/\/www.elpolitologoyelpolitico.com.ar\/wordpress\/wp-json\/wp\/v2\/comments?post=22233"}],"version-history":[{"count":0,"href":"https:\/\/www.elpolitologoyelpolitico.com.ar\/wordpress\/wp-json\/wp\/v2\/posts\/22233\/revisions"}],"wp:featuredmedia":[{"embeddable":true,"href":"https:\/\/www.elpolitologoyelpolitico.com.ar\/wordpress\/wp-json\/wp\/v2\/media\/22234"}],"wp:attachment":[{"href":"https:\/\/www.elpolitologoyelpolitico.com.ar\/wordpress\/wp-json\/wp\/v2\/media?parent=22233"}],"wp:term":[{"taxonomy":"category","embeddable":true,"href":"https:\/\/www.elpolitologoyelpolitico.com.ar\/wordpress\/wp-json\/wp\/v2\/categories?post=22233"},{"taxonomy":"post_tag","embeddable":true,"href":"https:\/\/www.elpolitologoyelpolitico.com.ar\/wordpress\/wp-json\/wp\/v2\/tags?post=22233"}],"curies":[{"name":"wp","href":"https:\/\/api.w.org\/{rel}","templated":true}]}}