{"id":22224,"date":"2022-07-11T22:09:15","date_gmt":"2022-07-11T22:09:15","guid":{"rendered":"https:\/\/www.elpolitologoyelpolitico.com.ar\/wordpress\/?p=22224"},"modified":"2022-07-11T22:11:10","modified_gmt":"2022-07-11T22:11:10","slug":"tango-rock-y-folklore-en-la-muestra-coral-del-centro-cultural","status":"publish","type":"post","link":"https:\/\/www.elpolitologoyelpolitico.com.ar\/wordpress\/2022\/07\/11\/tango-rock-y-folklore-en-la-muestra-coral-del-centro-cultural\/","title":{"rendered":"Tango, rock y folklore en la Muestra Coral del Centro Cultural"},"content":{"rendered":"\n<p>En el marco de las vacaciones de invierno, este lunes 11 de julio, desde las 19.30 en el Centro Cultural&nbsp; se presentar\u00e1 una Muestra Coral.<\/p>\n\n\n\n<p>La muestra ser\u00e1 protagonizada por los alumnos de la C\u00e1tedra de Pr\u00e1ctica Coral de la Escuela de Arte Alcides Biagetti, el Coro Municipal de Viedma, su m\u00fasico estable Mario Krens y la participaci\u00f3n especial del percusionista invitado Mariano Venerus.<\/p>\n\n\n\n<p>Con un repertorio de rock nacional, tango y folclore dirigido por Hern\u00e1n Perez Huez\u00f3, la presentaci\u00f3n ser\u00e1 en el hall del edificio con entrada libre y gratuita.<\/p>\n\n\n\n<p>Hern\u00e1n P\u00e9rez Huez\u00f3, es director de coro, profesor de canto, compositor y cantante, de amplia trayectoria y reconocimiento en el \u00e1mbito coral y del canto en la zona, y est\u00e1 a cargo desde hace m\u00e1s de 10 a\u00f1os del proyecto del Coro de la Municipalidad de Viedma.<\/p>\n<div class=\"fb-background-color\">\n\t\t\t  <div \n\t\t\t  \tclass = \"fb-comments\" \n\t\t\t  \tdata-href = \"https:\/\/www.elpolitologoyelpolitico.com.ar\/wordpress\/2022\/07\/11\/tango-rock-y-folklore-en-la-muestra-coral-del-centro-cultural\/\"\n\t\t\t  \tdata-numposts = \"10\"\n\t\t\t  \tdata-lazy = \"true\"\n\t\t\t\tdata-colorscheme = \"light\"\n\t\t\t\tdata-order-by = \"social\"\n\t\t\t\tdata-mobile=true>\n\t\t\t  <\/div><\/div>\n\t\t  <style>\n\t\t    .fb-background-color {\n\t\t\t\tbackground: #ffffff !important;\n\t\t\t}\n\t\t\t.fb_iframe_widget_fluid_desktop iframe {\n\t\t\t    width: 100% !important;\n\t\t\t}\n\t\t  <\/style>\n\t\t  ","protected":false},"excerpt":{"rendered":"<p>En el marco de las vacaciones de invierno, este lunes 11 de julio, desde las 19.30 en el Centro Cultural&nbsp; se presentar\u00e1 una Muestra Coral. La muestra ser\u00e1 protagonizada por los alumnos de la C\u00e1tedra de Pr\u00e1ctica Coral de la Escuela de Arte Alcides Biagetti, el Coro Municipal de Viedma, su m\u00fasico estable Mario Krens [&hellip;]<\/p>\n","protected":false},"author":4,"featured_media":22225,"comment_status":"closed","ping_status":"closed","sticky":false,"template":"","format":"standard","meta":{"_joinchat":[],"footnotes":""},"categories":[39],"tags":[],"class_list":["post-22224","post","type-post","status-publish","format-standard","has-post-thumbnail","hentry","category-en-esta-seccion"],"_links":{"self":[{"href":"https:\/\/www.elpolitologoyelpolitico.com.ar\/wordpress\/wp-json\/wp\/v2\/posts\/22224","targetHints":{"allow":["GET"]}}],"collection":[{"href":"https:\/\/www.elpolitologoyelpolitico.com.ar\/wordpress\/wp-json\/wp\/v2\/posts"}],"about":[{"href":"https:\/\/www.elpolitologoyelpolitico.com.ar\/wordpress\/wp-json\/wp\/v2\/types\/post"}],"author":[{"embeddable":true,"href":"https:\/\/www.elpolitologoyelpolitico.com.ar\/wordpress\/wp-json\/wp\/v2\/users\/4"}],"replies":[{"embeddable":true,"href":"https:\/\/www.elpolitologoyelpolitico.com.ar\/wordpress\/wp-json\/wp\/v2\/comments?post=22224"}],"version-history":[{"count":0,"href":"https:\/\/www.elpolitologoyelpolitico.com.ar\/wordpress\/wp-json\/wp\/v2\/posts\/22224\/revisions"}],"wp:featuredmedia":[{"embeddable":true,"href":"https:\/\/www.elpolitologoyelpolitico.com.ar\/wordpress\/wp-json\/wp\/v2\/media\/22225"}],"wp:attachment":[{"href":"https:\/\/www.elpolitologoyelpolitico.com.ar\/wordpress\/wp-json\/wp\/v2\/media?parent=22224"}],"wp:term":[{"taxonomy":"category","embeddable":true,"href":"https:\/\/www.elpolitologoyelpolitico.com.ar\/wordpress\/wp-json\/wp\/v2\/categories?post=22224"},{"taxonomy":"post_tag","embeddable":true,"href":"https:\/\/www.elpolitologoyelpolitico.com.ar\/wordpress\/wp-json\/wp\/v2\/tags?post=22224"}],"curies":[{"name":"wp","href":"https:\/\/api.w.org\/{rel}","templated":true}]}}