{"id":22186,"date":"2022-07-09T01:32:01","date_gmt":"2022-07-09T01:32:01","guid":{"rendered":"https:\/\/www.elpolitologoyelpolitico.com.ar\/wordpress\/?p=22186"},"modified":"2022-07-09T01:32:56","modified_gmt":"2022-07-09T01:32:56","slug":"carlos-aguirre-en-quinteto-se-presenta-en-el-cultural-para-presentar-va-siendo-tiempo-con-entrada-libre-y-gratuita","status":"publish","type":"post","link":"https:\/\/www.elpolitologoyelpolitico.com.ar\/wordpress\/2022\/07\/09\/carlos-aguirre-en-quinteto-se-presenta-en-el-cultural-para-presentar-va-siendo-tiempo-con-entrada-libre-y-gratuita\/","title":{"rendered":"Carlos Aguirre en quinteto se presenta en el Cultural para presentar \u201cVa siendo tiempo\u201d con entrada libre y gratuita"},"content":{"rendered":"\n<p>El s\u00e1bado 16 de julio, desde las 21, se presenta en la Sala Mayor del Centro Cultural el artista entrerriano Carlos \u201cNegro\u201d Aguirre en quinteto.<\/p>\n\n\n\n<p>Con entrada libre y gratuita el \u201cNegro\u201d presenta su nuevo registro discogr\u00e1fico \u201cVa siendo tiempo\u201d con entrada libre y gratuita.<\/p>\n\n\n\n<p>A fuerza de constancia, originalidad y peso creativo, Aguirre se ha convertido en una de las figuras m\u00e1s destacadas de la m\u00fasica popular argentina.<\/p>\n\n\n\n<p>El compositor, pianista, guitarrista y cantor entrerriano suma un nuevo episodio a su vasta y vers\u00e1til discograf\u00eda, un disco en el que recorre un repertorio de obras propias y motivos folkl\u00f3ricos en formato de quinteto.<\/p>\n\n\n\n<p>Esta vez, Aguirre deja descansar el piano y emprende un viaje musical a partir del sonido de la guitarra, acompa\u00f1ado por Luis Medina, Mauricio Laferrara, Sebasti\u00e1n Narv\u00e1ez y Mauro Leyes.<\/p>\n\n\n\n<p>El \u00e1lbum incluye trece composiciones basadas en diferentes especies musicales del folclore argentino: Va siendo tiempo (Carlos Aguirre), Siempre azul (Carlos Aguirre), Color despedida (Carlos Aguirre), Los amores de Cabr\u00e9 (Enrique Hidalgo), Chaya errante (Carlos Aguirre), Zamba de los almacenes (Carlos Aguirre), Nini (Carlos Aguirre), Don \u00c1ngel Borda (Carlos Aguirre), Siesta de domingo (Carlos Aguirre), A gatas (Carlos Aguirre), Camino a Puerto Alvear (Carlos Aguirre), Puerto Soledad (L:Henry Mart\u00ednez-M: Carlos Aguirre) y Canci\u00f3n por Santiago (Carlos Aguirre).<\/p>\n\n\n\n<p>Esta propuesta es organizada por el gobierno de Viedma a trav\u00e9s de la Subsecretar\u00eda de Cultura y la Universidad Nacional de R\u00edo Negro.<\/p>\n<div class=\"fb-background-color\">\n\t\t\t  <div \n\t\t\t  \tclass = \"fb-comments\" \n\t\t\t  \tdata-href = \"https:\/\/www.elpolitologoyelpolitico.com.ar\/wordpress\/2022\/07\/09\/carlos-aguirre-en-quinteto-se-presenta-en-el-cultural-para-presentar-va-siendo-tiempo-con-entrada-libre-y-gratuita\/\"\n\t\t\t  \tdata-numposts = \"10\"\n\t\t\t  \tdata-lazy = \"true\"\n\t\t\t\tdata-colorscheme = \"light\"\n\t\t\t\tdata-order-by = \"social\"\n\t\t\t\tdata-mobile=true>\n\t\t\t  <\/div><\/div>\n\t\t  <style>\n\t\t    .fb-background-color {\n\t\t\t\tbackground: #ffffff !important;\n\t\t\t}\n\t\t\t.fb_iframe_widget_fluid_desktop iframe {\n\t\t\t    width: 100% !important;\n\t\t\t}\n\t\t  <\/style>\n\t\t  ","protected":false},"excerpt":{"rendered":"<p>El s\u00e1bado 16 de julio, desde las 21, se presenta en la Sala Mayor del Centro Cultural el artista entrerriano Carlos \u201cNegro\u201d Aguirre en quinteto. Con entrada libre y gratuita el \u201cNegro\u201d presenta su nuevo registro discogr\u00e1fico \u201cVa siendo tiempo\u201d con entrada libre y gratuita. A fuerza de constancia, originalidad y peso creativo, Aguirre se [&hellip;]<\/p>\n","protected":false},"author":4,"featured_media":22187,"comment_status":"closed","ping_status":"closed","sticky":false,"template":"","format":"standard","meta":{"_joinchat":[],"footnotes":""},"categories":[39],"tags":[],"class_list":["post-22186","post","type-post","status-publish","format-standard","has-post-thumbnail","hentry","category-en-esta-seccion"],"_links":{"self":[{"href":"https:\/\/www.elpolitologoyelpolitico.com.ar\/wordpress\/wp-json\/wp\/v2\/posts\/22186","targetHints":{"allow":["GET"]}}],"collection":[{"href":"https:\/\/www.elpolitologoyelpolitico.com.ar\/wordpress\/wp-json\/wp\/v2\/posts"}],"about":[{"href":"https:\/\/www.elpolitologoyelpolitico.com.ar\/wordpress\/wp-json\/wp\/v2\/types\/post"}],"author":[{"embeddable":true,"href":"https:\/\/www.elpolitologoyelpolitico.com.ar\/wordpress\/wp-json\/wp\/v2\/users\/4"}],"replies":[{"embeddable":true,"href":"https:\/\/www.elpolitologoyelpolitico.com.ar\/wordpress\/wp-json\/wp\/v2\/comments?post=22186"}],"version-history":[{"count":0,"href":"https:\/\/www.elpolitologoyelpolitico.com.ar\/wordpress\/wp-json\/wp\/v2\/posts\/22186\/revisions"}],"wp:featuredmedia":[{"embeddable":true,"href":"https:\/\/www.elpolitologoyelpolitico.com.ar\/wordpress\/wp-json\/wp\/v2\/media\/22187"}],"wp:attachment":[{"href":"https:\/\/www.elpolitologoyelpolitico.com.ar\/wordpress\/wp-json\/wp\/v2\/media?parent=22186"}],"wp:term":[{"taxonomy":"category","embeddable":true,"href":"https:\/\/www.elpolitologoyelpolitico.com.ar\/wordpress\/wp-json\/wp\/v2\/categories?post=22186"},{"taxonomy":"post_tag","embeddable":true,"href":"https:\/\/www.elpolitologoyelpolitico.com.ar\/wordpress\/wp-json\/wp\/v2\/tags?post=22186"}],"curies":[{"name":"wp","href":"https:\/\/api.w.org\/{rel}","templated":true}]}}