{"id":22121,"date":"2022-07-06T23:47:49","date_gmt":"2022-07-06T23:47:49","guid":{"rendered":"https:\/\/www.elpolitologoyelpolitico.com.ar\/wordpress\/?p=22121"},"modified":"2022-07-06T23:48:16","modified_gmt":"2022-07-06T23:48:16","slug":"sigue-con-exito-el-programa-movete-patagones","status":"publish","type":"post","link":"https:\/\/www.elpolitologoyelpolitico.com.ar\/wordpress\/2022\/07\/06\/sigue-con-exito-el-programa-movete-patagones\/","title":{"rendered":"Sigue con \u00e9xito el Programa Movete Patagones"},"content":{"rendered":"\n<p>El Intendente Municipal, Ing. Jos\u00e9 Luis Zara, visit\u00f3 el Centro de Jubilados, donde se llevan adelante las distintas propuestas del programa \u201cMovete Patagones\u201d, que coordina la Secretar\u00eda de Salud, a trav\u00e9s del \u00e1rea de Coordinaci\u00f3n de Programas, en conjunto con la Secretar\u00eda de Desarrollo Social y la Direcci\u00f3n de Deportes.<\/p>\n\n\n\n<p>Estuvo acompa\u00f1ado por la Coordinadora de Programas Sanitarios, Mabel Guzm\u00e1n, y la Directora de Pol\u00edticas Sociales y Acci\u00f3n Comunitaria, Mar\u00eda del Carmen Alonso, con quien presenci\u00f3 la clase de Zumba; propuesta que se realiza los lunes y mi\u00e9rcoles, de 16 a 17 horas.&nbsp;<\/p>\n\n\n\n<p>En la oportunidad, el jefe comunal destac\u00f3 la importante convocatoria del programa, a pocos meses de su lanzamiento.&nbsp;<\/p>\n\n\n\n<p>Cada semana, m\u00e1s de 100 personas participan activamente; tanto de las jornadas de capacitaci\u00f3n, que se dictan en conjunto con el Programa PRODIABA y la Secretar\u00eda de Desarrollo Social, como de las propuestas de la Direcci\u00f3n de Deportes; que incluyen clases de Zumba y Aquazumba; todas con acceso gratuito.<\/p>\n\n\n\n<p>El programa est\u00e1 destinado al abordaje integral de pacientes con obesidad, hipertensi\u00f3n y diabetes. Contempla el seguimiento y controles, charlas, actividades deportivas; caminatas saludables, zumba y aquazumba, entre otras.<\/p>\n\n\n\n<p>Las inscripciones a\u00fan est\u00e1n abiertas y quienes deseen sumarse pueden contactarse a los n\u00fameros: 2920576667, 2920608913 y 2920412168.<\/p>\n\n\n\n<figure class=\"wp-block-image size-full\"><img fetchpriority=\"high\" decoding=\"async\" width=\"720\" height=\"405\" src=\"https:\/\/www.elpolitologoyelpolitico.com.ar\/wp-content\/uploads\/2022\/07\/IMG-20220706-WA0019.jpg\" alt=\"\" class=\"wp-image-22123\" srcset=\"https:\/\/www.elpolitologoyelpolitico.com.ar\/wp-content\/uploads\/2022\/07\/IMG-20220706-WA0019.jpg 720w, https:\/\/www.elpolitologoyelpolitico.com.ar\/wp-content\/uploads\/2022\/07\/IMG-20220706-WA0019-300x169.jpg 300w\" sizes=\"(max-width: 720px) 100vw, 720px\" \/><\/figure>\n<div class=\"fb-background-color\">\n\t\t\t  <div \n\t\t\t  \tclass = \"fb-comments\" \n\t\t\t  \tdata-href = \"https:\/\/www.elpolitologoyelpolitico.com.ar\/wordpress\/2022\/07\/06\/sigue-con-exito-el-programa-movete-patagones\/\"\n\t\t\t  \tdata-numposts = \"10\"\n\t\t\t  \tdata-lazy = \"true\"\n\t\t\t\tdata-colorscheme = \"light\"\n\t\t\t\tdata-order-by = \"social\"\n\t\t\t\tdata-mobile=true>\n\t\t\t  <\/div><\/div>\n\t\t  <style>\n\t\t    .fb-background-color {\n\t\t\t\tbackground: #ffffff !important;\n\t\t\t}\n\t\t\t.fb_iframe_widget_fluid_desktop iframe {\n\t\t\t    width: 100% !important;\n\t\t\t}\n\t\t  <\/style>\n\t\t  ","protected":false},"excerpt":{"rendered":"<p>El Intendente Municipal, Ing. Jos\u00e9 Luis Zara, visit\u00f3 el Centro de Jubilados, donde se llevan adelante las distintas propuestas del programa \u201cMovete Patagones\u201d, que coordina la Secretar\u00eda de Salud, a trav\u00e9s del \u00e1rea de Coordinaci\u00f3n de Programas, en conjunto con la Secretar\u00eda de Desarrollo Social y la Direcci\u00f3n de Deportes. Estuvo acompa\u00f1ado por la Coordinadora [&hellip;]<\/p>\n","protected":false},"author":4,"featured_media":22122,"comment_status":"closed","ping_status":"closed","sticky":false,"template":"","format":"standard","meta":{"_joinchat":[],"footnotes":""},"categories":[4],"tags":[],"class_list":["post-22121","post","type-post","status-publish","format-standard","has-post-thumbnail","hentry","category-politicas-publicas"],"_links":{"self":[{"href":"https:\/\/www.elpolitologoyelpolitico.com.ar\/wordpress\/wp-json\/wp\/v2\/posts\/22121","targetHints":{"allow":["GET"]}}],"collection":[{"href":"https:\/\/www.elpolitologoyelpolitico.com.ar\/wordpress\/wp-json\/wp\/v2\/posts"}],"about":[{"href":"https:\/\/www.elpolitologoyelpolitico.com.ar\/wordpress\/wp-json\/wp\/v2\/types\/post"}],"author":[{"embeddable":true,"href":"https:\/\/www.elpolitologoyelpolitico.com.ar\/wordpress\/wp-json\/wp\/v2\/users\/4"}],"replies":[{"embeddable":true,"href":"https:\/\/www.elpolitologoyelpolitico.com.ar\/wordpress\/wp-json\/wp\/v2\/comments?post=22121"}],"version-history":[{"count":0,"href":"https:\/\/www.elpolitologoyelpolitico.com.ar\/wordpress\/wp-json\/wp\/v2\/posts\/22121\/revisions"}],"wp:featuredmedia":[{"embeddable":true,"href":"https:\/\/www.elpolitologoyelpolitico.com.ar\/wordpress\/wp-json\/wp\/v2\/media\/22122"}],"wp:attachment":[{"href":"https:\/\/www.elpolitologoyelpolitico.com.ar\/wordpress\/wp-json\/wp\/v2\/media?parent=22121"}],"wp:term":[{"taxonomy":"category","embeddable":true,"href":"https:\/\/www.elpolitologoyelpolitico.com.ar\/wordpress\/wp-json\/wp\/v2\/categories?post=22121"},{"taxonomy":"post_tag","embeddable":true,"href":"https:\/\/www.elpolitologoyelpolitico.com.ar\/wordpress\/wp-json\/wp\/v2\/tags?post=22121"}],"curies":[{"name":"wp","href":"https:\/\/api.w.org\/{rel}","templated":true}]}}