{"id":22117,"date":"2022-07-06T21:25:41","date_gmt":"2022-07-06T21:25:41","guid":{"rendered":"https:\/\/www.elpolitologoyelpolitico.com.ar\/wordpress\/?p=22117"},"modified":"2022-07-06T21:26:27","modified_gmt":"2022-07-06T21:26:27","slug":"ipap-implementara-el-plan-federal-de-formacion-y-capacitacion-en-gestion-publica-en-rio-negro","status":"publish","type":"post","link":"https:\/\/www.elpolitologoyelpolitico.com.ar\/wordpress\/2022\/07\/06\/ipap-implementara-el-plan-federal-de-formacion-y-capacitacion-en-gestion-publica-en-rio-negro\/","title":{"rendered":"IPAP implementar\u00e1 el Plan Federal de Formaci\u00f3n y Capacitaci\u00f3n en Gesti\u00f3n P\u00fablica en R\u00edo Negro"},"content":{"rendered":"\n<p>Se trata de un ambicioso programa de capacitaci\u00f3n destinado a agentes provinciales y municipales, de la Secretar\u00eda de la Funci\u00f3n P\u00fablica de la Jefatura de Gabinete de Ministros y el Instituto Nacional de Administraci\u00f3n P\u00fablica (INAP).<\/p>\n\n\n\n<p>El IPAP ser\u00e1 responsable de realizar la difusi\u00f3n en la provincia, y de las inscripciones a las distintas ofertas de capacitaciones que se realizar\u00e1n en convenio con 20 Universidades Nacionales.<\/p>\n\n\n\n<p>El Plan Federal se estructura en tres ejes formativos: estrat\u00e9gico, de agenda sectorial o regional, e instrumental. Ofrece capacitaci\u00f3n destinada tanto a trabajadoras y trabajadores de mandos medios como a aquellos con funciones operativas.<\/p>\n\n\n\n<p>Se contemplan distintas modalidades de trabajo como cursos autogestionados en el campus virtual del INAP, cursos virtuales asincr\u00f3nicos tutorados en convenio con las universidades, capacitaci\u00f3n y asistencia t\u00e9cnica a programas y proyectos y charlas maistrales y webinars.<\/p>\n\n\n\n<p>Mart\u00edn Alcalde, presidente del IPAP, record\u00f3 que es \u00abla segunda oportunidad que se implementa esta iniciativa y que ha tenido una muy buena recepci\u00f3n por parte de los agentes de la administraci\u00f3n p\u00fablica provincial y municipal\u00bb.<\/p>\n\n\n\n<p>En el segundo semestre se publicar\u00e1 la oferta de capacitaci\u00f3n a trav\u00e9s del portal IPAP, con informaci\u00f3n sobre las inscripciones.<\/p>\n<div class=\"fb-background-color\">\n\t\t\t  <div \n\t\t\t  \tclass = \"fb-comments\" \n\t\t\t  \tdata-href = \"https:\/\/www.elpolitologoyelpolitico.com.ar\/wordpress\/2022\/07\/06\/ipap-implementara-el-plan-federal-de-formacion-y-capacitacion-en-gestion-publica-en-rio-negro\/\"\n\t\t\t  \tdata-numposts = \"10\"\n\t\t\t  \tdata-lazy = \"true\"\n\t\t\t\tdata-colorscheme = \"light\"\n\t\t\t\tdata-order-by = \"social\"\n\t\t\t\tdata-mobile=true>\n\t\t\t  <\/div><\/div>\n\t\t  <style>\n\t\t    .fb-background-color {\n\t\t\t\tbackground: #ffffff !important;\n\t\t\t}\n\t\t\t.fb_iframe_widget_fluid_desktop iframe {\n\t\t\t    width: 100% !important;\n\t\t\t}\n\t\t  <\/style>\n\t\t  ","protected":false},"excerpt":{"rendered":"<p>Se trata de un ambicioso programa de capacitaci\u00f3n destinado a agentes provinciales y municipales, de la Secretar\u00eda de la Funci\u00f3n P\u00fablica de la Jefatura de Gabinete de Ministros y el Instituto Nacional de Administraci\u00f3n P\u00fablica (INAP). El IPAP ser\u00e1 responsable de realizar la difusi\u00f3n en la provincia, y de las inscripciones a las distintas ofertas [&hellip;]<\/p>\n","protected":false},"author":4,"featured_media":22118,"comment_status":"closed","ping_status":"closed","sticky":false,"template":"","format":"standard","meta":{"_joinchat":[],"footnotes":""},"categories":[4],"tags":[],"class_list":["post-22117","post","type-post","status-publish","format-standard","has-post-thumbnail","hentry","category-politicas-publicas"],"_links":{"self":[{"href":"https:\/\/www.elpolitologoyelpolitico.com.ar\/wordpress\/wp-json\/wp\/v2\/posts\/22117","targetHints":{"allow":["GET"]}}],"collection":[{"href":"https:\/\/www.elpolitologoyelpolitico.com.ar\/wordpress\/wp-json\/wp\/v2\/posts"}],"about":[{"href":"https:\/\/www.elpolitologoyelpolitico.com.ar\/wordpress\/wp-json\/wp\/v2\/types\/post"}],"author":[{"embeddable":true,"href":"https:\/\/www.elpolitologoyelpolitico.com.ar\/wordpress\/wp-json\/wp\/v2\/users\/4"}],"replies":[{"embeddable":true,"href":"https:\/\/www.elpolitologoyelpolitico.com.ar\/wordpress\/wp-json\/wp\/v2\/comments?post=22117"}],"version-history":[{"count":0,"href":"https:\/\/www.elpolitologoyelpolitico.com.ar\/wordpress\/wp-json\/wp\/v2\/posts\/22117\/revisions"}],"wp:featuredmedia":[{"embeddable":true,"href":"https:\/\/www.elpolitologoyelpolitico.com.ar\/wordpress\/wp-json\/wp\/v2\/media\/22118"}],"wp:attachment":[{"href":"https:\/\/www.elpolitologoyelpolitico.com.ar\/wordpress\/wp-json\/wp\/v2\/media?parent=22117"}],"wp:term":[{"taxonomy":"category","embeddable":true,"href":"https:\/\/www.elpolitologoyelpolitico.com.ar\/wordpress\/wp-json\/wp\/v2\/categories?post=22117"},{"taxonomy":"post_tag","embeddable":true,"href":"https:\/\/www.elpolitologoyelpolitico.com.ar\/wordpress\/wp-json\/wp\/v2\/tags?post=22117"}],"curies":[{"name":"wp","href":"https:\/\/api.w.org\/{rel}","templated":true}]}}