{"id":22108,"date":"2022-07-06T17:56:19","date_gmt":"2022-07-06T17:56:19","guid":{"rendered":"https:\/\/www.elpolitologoyelpolitico.com.ar\/wordpress\/?p=22108"},"modified":"2022-07-06T17:56:46","modified_gmt":"2022-07-06T17:56:46","slug":"el-intendente-zara-participo-de-la-inauguracion-de-la-obra-de-riego-por-aspersion-en-la-cancha-del-barrio-eva-peron","status":"publish","type":"post","link":"https:\/\/www.elpolitologoyelpolitico.com.ar\/wordpress\/2022\/07\/06\/el-intendente-zara-participo-de-la-inauguracion-de-la-obra-de-riego-por-aspersion-en-la-cancha-del-barrio-eva-peron\/","title":{"rendered":"El Intendente Zara particip\u00f3 de la inauguraci\u00f3n de la obra de riego por aspersi\u00f3n en la cancha del barrio Eva Per\u00f3n"},"content":{"rendered":"\n<p>A partir del trabajo conjunto entre la Comisi\u00f3n de Fomento del barrio Eva Per\u00f3n y el Centro de Formaci\u00f3n Profesional N\u00b0401,con la colaboraci\u00f3n del municipio, se concret\u00f3 la obra de riego por aspersi\u00f3n en la recientemente inaugurada cancha de f\u00fatbol del barrio.&nbsp;<\/p>\n\n\n\n<p>La Directora del CFP N\u00b0401, Mabel Firma Paz, precis\u00f3 que \u201chace un tiempo, el presidente de la Comisi\u00f3n de Fomento, Daniel Fillol se acerc\u00f3 a consultar por el curso y propuso que el mismo se realizar\u00e1 en el Sal\u00f3n de Usos M\u00faltiples del barrio para que, a trav\u00e9s de las pr\u00e1cticas, se realice la obra en la cancha de f\u00fatbol\u201d.&nbsp;<\/p>\n\n\n\n<p>Este martes, con la participaci\u00f3n del jefe comunal, qued\u00f3 inaugurado el nuevo servicio, instalado por el instructor, Orlando Montiel, junto a los alumnos del curso.&nbsp;<\/p>\n\n\n\n<p>Luego de la habilitaci\u00f3n, el equipo directivo del CFP agradeci\u00f3 al Intendente Municipal, Ing. Jos\u00e9 Luis Zara, \u201cpor su predisposici\u00f3n constante\u201d y por tomarse la deferencia de asistir a compartir el grato momento.&nbsp;<\/p>\n\n\n\n<p>Del mismo modo, destacaron y agradecieron a la Inspectora Jefa Distrital de Educaci\u00f3n, Claudia Azpiroz y al presidente del Consejo Escolar, Paulo Bykaluk.<\/p>\n<div class=\"fb-background-color\">\n\t\t\t  <div \n\t\t\t  \tclass = \"fb-comments\" \n\t\t\t  \tdata-href = \"https:\/\/www.elpolitologoyelpolitico.com.ar\/wordpress\/2022\/07\/06\/el-intendente-zara-participo-de-la-inauguracion-de-la-obra-de-riego-por-aspersion-en-la-cancha-del-barrio-eva-peron\/\"\n\t\t\t  \tdata-numposts = \"10\"\n\t\t\t  \tdata-lazy = \"true\"\n\t\t\t\tdata-colorscheme = \"light\"\n\t\t\t\tdata-order-by = \"social\"\n\t\t\t\tdata-mobile=true>\n\t\t\t  <\/div><\/div>\n\t\t  <style>\n\t\t    .fb-background-color {\n\t\t\t\tbackground: #ffffff !important;\n\t\t\t}\n\t\t\t.fb_iframe_widget_fluid_desktop iframe {\n\t\t\t    width: 100% !important;\n\t\t\t}\n\t\t  <\/style>\n\t\t  ","protected":false},"excerpt":{"rendered":"<p>A partir del trabajo conjunto entre la Comisi\u00f3n de Fomento del barrio Eva Per\u00f3n y el Centro de Formaci\u00f3n Profesional N\u00b0401,con la colaboraci\u00f3n del municipio, se concret\u00f3 la obra de riego por aspersi\u00f3n en la recientemente inaugurada cancha de f\u00fatbol del barrio.&nbsp; La Directora del CFP N\u00b0401, Mabel Firma Paz, precis\u00f3 que \u201chace un tiempo, [&hellip;]<\/p>\n","protected":false},"author":4,"featured_media":22109,"comment_status":"closed","ping_status":"closed","sticky":false,"template":"","format":"standard","meta":{"_joinchat":[],"footnotes":""},"categories":[4],"tags":[],"class_list":["post-22108","post","type-post","status-publish","format-standard","has-post-thumbnail","hentry","category-politicas-publicas"],"_links":{"self":[{"href":"https:\/\/www.elpolitologoyelpolitico.com.ar\/wordpress\/wp-json\/wp\/v2\/posts\/22108","targetHints":{"allow":["GET"]}}],"collection":[{"href":"https:\/\/www.elpolitologoyelpolitico.com.ar\/wordpress\/wp-json\/wp\/v2\/posts"}],"about":[{"href":"https:\/\/www.elpolitologoyelpolitico.com.ar\/wordpress\/wp-json\/wp\/v2\/types\/post"}],"author":[{"embeddable":true,"href":"https:\/\/www.elpolitologoyelpolitico.com.ar\/wordpress\/wp-json\/wp\/v2\/users\/4"}],"replies":[{"embeddable":true,"href":"https:\/\/www.elpolitologoyelpolitico.com.ar\/wordpress\/wp-json\/wp\/v2\/comments?post=22108"}],"version-history":[{"count":0,"href":"https:\/\/www.elpolitologoyelpolitico.com.ar\/wordpress\/wp-json\/wp\/v2\/posts\/22108\/revisions"}],"wp:featuredmedia":[{"embeddable":true,"href":"https:\/\/www.elpolitologoyelpolitico.com.ar\/wordpress\/wp-json\/wp\/v2\/media\/22109"}],"wp:attachment":[{"href":"https:\/\/www.elpolitologoyelpolitico.com.ar\/wordpress\/wp-json\/wp\/v2\/media?parent=22108"}],"wp:term":[{"taxonomy":"category","embeddable":true,"href":"https:\/\/www.elpolitologoyelpolitico.com.ar\/wordpress\/wp-json\/wp\/v2\/categories?post=22108"},{"taxonomy":"post_tag","embeddable":true,"href":"https:\/\/www.elpolitologoyelpolitico.com.ar\/wordpress\/wp-json\/wp\/v2\/tags?post=22108"}],"curies":[{"name":"wp","href":"https:\/\/api.w.org\/{rel}","templated":true}]}}