{"id":22089,"date":"2022-07-06T13:15:39","date_gmt":"2022-07-06T13:15:39","guid":{"rendered":"https:\/\/www.elpolitologoyelpolitico.com.ar\/wordpress\/?p=22089"},"modified":"2022-07-06T13:16:36","modified_gmt":"2022-07-06T13:16:36","slug":"muchos-pensionados-y-jubilados-se-anotaron-en-viedma-para-poder-tener-su-tablet","status":"publish","type":"post","link":"https:\/\/www.elpolitologoyelpolitico.com.ar\/wordpress\/2022\/07\/06\/muchos-pensionados-y-jubilados-se-anotaron-en-viedma-para-poder-tener-su-tablet\/","title":{"rendered":"Muchos pensionados y jubilados se anotaron en Viedma para poder tener su Tablet"},"content":{"rendered":"\n<p>La era de la tecnolog\u00eda cada vez conecta a mas personas.&nbsp;<\/p>\n\n\n\n<p>A trav\u00e9s de los celulares, computadoras y Tablets, las personas viven conectados en la era de la globalizaci\u00f3n tecnol\u00f3gica.<\/p>\n\n\n\n<p>En pleno Siglo XXI, se necesita mucho de las distintas herramientas tecnol\u00f3gicas y no solo para los ni\u00f1os, adolescentes y adultos. Tambi\u00e9n para las personas de la tercera edad.<\/p>\n\n\n\n<p>Es por eso que el Gobierno de Viedma realiz\u00f3 este lunes y martes las inscripciones a beneficiarios del programa \u00abConectados con vos\u00bb del Ente Nacional de Comunicaci\u00f3n (ENACOM) para que jubiladas\/os y personas que perciben pensiones no contributivas puedan acceder a tablets.<\/p>\n\n\n\n<p>Concurrieron varias personas y se acercaron al Gimnasio municipal Fioravanti Ruggeri para inscribirse.<\/p>\n\n\n\n<p>El objetivo de este programa es que los adultos mayores puedan realizar sus tramites de manera digital a trav\u00e9s de este equipo tecnol\u00f3gico.&nbsp;<\/p>\n\n\n\n<p>Desde el gobierno de Viedma se viene trabajando en Punto Digital con distintos programas para que los adultos mayores puedan capacitarse en la era digital.<\/p>\n\n\n\n<figure class=\"wp-block-gallery has-nested-images columns-default is-cropped wp-block-gallery-1 is-layout-flex wp-block-gallery-is-layout-flex\">\n<figure class=\"wp-block-image size-large\"><img fetchpriority=\"high\" decoding=\"async\" width=\"720\" height=\"721\" data-id=\"22091\" src=\"https:\/\/www.elpolitologoyelpolitico.com.ar\/wp-content\/uploads\/2022\/07\/IMG-20220705-WA0070.jpg\" alt=\"\" class=\"wp-image-22091\" srcset=\"https:\/\/www.elpolitologoyelpolitico.com.ar\/wp-content\/uploads\/2022\/07\/IMG-20220705-WA0070.jpg 720w, https:\/\/www.elpolitologoyelpolitico.com.ar\/wp-content\/uploads\/2022\/07\/IMG-20220705-WA0070-300x300.jpg 300w, https:\/\/www.elpolitologoyelpolitico.com.ar\/wp-content\/uploads\/2022\/07\/IMG-20220705-WA0070-150x150.jpg 150w\" sizes=\"(max-width: 720px) 100vw, 720px\" \/><\/figure>\n\n\n\n<figure class=\"wp-block-image size-large\"><img decoding=\"async\" width=\"720\" height=\"712\" data-id=\"22092\" src=\"https:\/\/www.elpolitologoyelpolitico.com.ar\/wp-content\/uploads\/2022\/07\/IMG-20220705-WA0067.jpg\" alt=\"\" class=\"wp-image-22092\" srcset=\"https:\/\/www.elpolitologoyelpolitico.com.ar\/wp-content\/uploads\/2022\/07\/IMG-20220705-WA0067.jpg 720w, https:\/\/www.elpolitologoyelpolitico.com.ar\/wp-content\/uploads\/2022\/07\/IMG-20220705-WA0067-300x297.jpg 300w\" sizes=\"(max-width: 720px) 100vw, 720px\" \/><\/figure>\n<\/figure>\n<div class=\"fb-background-color\">\n\t\t\t  <div \n\t\t\t  \tclass = \"fb-comments\" \n\t\t\t  \tdata-href = \"https:\/\/www.elpolitologoyelpolitico.com.ar\/wordpress\/2022\/07\/06\/muchos-pensionados-y-jubilados-se-anotaron-en-viedma-para-poder-tener-su-tablet\/\"\n\t\t\t  \tdata-numposts = \"10\"\n\t\t\t  \tdata-lazy = \"true\"\n\t\t\t\tdata-colorscheme = \"light\"\n\t\t\t\tdata-order-by = \"social\"\n\t\t\t\tdata-mobile=true>\n\t\t\t  <\/div><\/div>\n\t\t  <style>\n\t\t    .fb-background-color {\n\t\t\t\tbackground: #ffffff !important;\n\t\t\t}\n\t\t\t.fb_iframe_widget_fluid_desktop iframe {\n\t\t\t    width: 100% !important;\n\t\t\t}\n\t\t  <\/style>\n\t\t  ","protected":false},"excerpt":{"rendered":"<p>La era de la tecnolog\u00eda cada vez conecta a mas personas.&nbsp; A trav\u00e9s de los celulares, computadoras y Tablets, las personas viven conectados en la era de la globalizaci\u00f3n tecnol\u00f3gica. En pleno Siglo XXI, se necesita mucho de las distintas herramientas tecnol\u00f3gicas y no solo para los ni\u00f1os, adolescentes y adultos. Tambi\u00e9n para las personas [&hellip;]<\/p>\n","protected":false},"author":4,"featured_media":22090,"comment_status":"closed","ping_status":"closed","sticky":false,"template":"","format":"standard","meta":{"_joinchat":[],"footnotes":""},"categories":[4],"tags":[],"class_list":["post-22089","post","type-post","status-publish","format-standard","has-post-thumbnail","hentry","category-politicas-publicas"],"_links":{"self":[{"href":"https:\/\/www.elpolitologoyelpolitico.com.ar\/wordpress\/wp-json\/wp\/v2\/posts\/22089","targetHints":{"allow":["GET"]}}],"collection":[{"href":"https:\/\/www.elpolitologoyelpolitico.com.ar\/wordpress\/wp-json\/wp\/v2\/posts"}],"about":[{"href":"https:\/\/www.elpolitologoyelpolitico.com.ar\/wordpress\/wp-json\/wp\/v2\/types\/post"}],"author":[{"embeddable":true,"href":"https:\/\/www.elpolitologoyelpolitico.com.ar\/wordpress\/wp-json\/wp\/v2\/users\/4"}],"replies":[{"embeddable":true,"href":"https:\/\/www.elpolitologoyelpolitico.com.ar\/wordpress\/wp-json\/wp\/v2\/comments?post=22089"}],"version-history":[{"count":0,"href":"https:\/\/www.elpolitologoyelpolitico.com.ar\/wordpress\/wp-json\/wp\/v2\/posts\/22089\/revisions"}],"wp:featuredmedia":[{"embeddable":true,"href":"https:\/\/www.elpolitologoyelpolitico.com.ar\/wordpress\/wp-json\/wp\/v2\/media\/22090"}],"wp:attachment":[{"href":"https:\/\/www.elpolitologoyelpolitico.com.ar\/wordpress\/wp-json\/wp\/v2\/media?parent=22089"}],"wp:term":[{"taxonomy":"category","embeddable":true,"href":"https:\/\/www.elpolitologoyelpolitico.com.ar\/wordpress\/wp-json\/wp\/v2\/categories?post=22089"},{"taxonomy":"post_tag","embeddable":true,"href":"https:\/\/www.elpolitologoyelpolitico.com.ar\/wordpress\/wp-json\/wp\/v2\/tags?post=22089"}],"curies":[{"name":"wp","href":"https:\/\/api.w.org\/{rel}","templated":true}]}}