{"id":22015,"date":"2022-07-04T14:17:30","date_gmt":"2022-07-04T14:17:30","guid":{"rendered":"https:\/\/www.elpolitologoyelpolitico.com.ar\/wordpress\/?p=22015"},"modified":"2022-07-04T14:19:48","modified_gmt":"2022-07-04T14:19:48","slug":"el-intendente-zara-visito-la-obra-de-construccion-del-centro-de-atencion-temprana-del-desarrollo-infantil","status":"publish","type":"post","link":"https:\/\/www.elpolitologoyelpolitico.com.ar\/wordpress\/2022\/07\/04\/el-intendente-zara-visito-la-obra-de-construccion-del-centro-de-atencion-temprana-del-desarrollo-infantil\/","title":{"rendered":"El Intendente Zara visit\u00f3 la obra de construcci\u00f3n del Centro de Atenci\u00f3n Temprana del Desarrollo Infantil"},"content":{"rendered":"\n<p>Este s\u00e1bado por la ma\u00f1ana, el Intendente Municipal, Ing. Jos\u00e9 Luis Zara, visit\u00f3 la obra de construcci\u00f3n del Centro de Atenci\u00f3n Temprana del Desarrollo Infantil de Carmen de Patagones, ubicado en el barrio La Loma.&nbsp;<\/p>\n\n\n\n<p>Los trabajos, a cargo de la empresa Nadir Construcciones, iniciaron&nbsp; recientemente.&nbsp;<\/p>\n\n\n\n<p>La obra es financiada por el Ministerio de Obras P\u00fablicas y el Ministerio de Desarrollo Social de la Naci\u00f3n, a trav\u00e9s del Programa Nacional de Infraestructura del Cuidado, con una inversi\u00f3n de m\u00e1s de 50 millones de pesos.<\/p>\n\n\n\n<figure class=\"wp-block-image size-full\"><img fetchpriority=\"high\" decoding=\"async\" width=\"720\" height=\"324\" src=\"https:\/\/www.elpolitologoyelpolitico.com.ar\/wp-content\/uploads\/2022\/07\/IMG-20220703-WA0031.jpg\" alt=\"\" class=\"wp-image-22017\" srcset=\"https:\/\/www.elpolitologoyelpolitico.com.ar\/wp-content\/uploads\/2022\/07\/IMG-20220703-WA0031.jpg 720w, https:\/\/www.elpolitologoyelpolitico.com.ar\/wp-content\/uploads\/2022\/07\/IMG-20220703-WA0031-300x135.jpg 300w\" sizes=\"(max-width: 720px) 100vw, 720px\" \/><\/figure>\n<div class=\"fb-background-color\">\n\t\t\t  <div \n\t\t\t  \tclass = \"fb-comments\" \n\t\t\t  \tdata-href = \"https:\/\/www.elpolitologoyelpolitico.com.ar\/wordpress\/2022\/07\/04\/el-intendente-zara-visito-la-obra-de-construccion-del-centro-de-atencion-temprana-del-desarrollo-infantil\/\"\n\t\t\t  \tdata-numposts = \"10\"\n\t\t\t  \tdata-lazy = \"true\"\n\t\t\t\tdata-colorscheme = \"light\"\n\t\t\t\tdata-order-by = \"social\"\n\t\t\t\tdata-mobile=true>\n\t\t\t  <\/div><\/div>\n\t\t  <style>\n\t\t    .fb-background-color {\n\t\t\t\tbackground: #ffffff !important;\n\t\t\t}\n\t\t\t.fb_iframe_widget_fluid_desktop iframe {\n\t\t\t    width: 100% !important;\n\t\t\t}\n\t\t  <\/style>\n\t\t  ","protected":false},"excerpt":{"rendered":"<p>Este s\u00e1bado por la ma\u00f1ana, el Intendente Municipal, Ing. Jos\u00e9 Luis Zara, visit\u00f3 la obra de construcci\u00f3n del Centro de Atenci\u00f3n Temprana del Desarrollo Infantil de Carmen de Patagones, ubicado en el barrio La Loma.&nbsp; Los trabajos, a cargo de la empresa Nadir Construcciones, iniciaron&nbsp; recientemente.&nbsp; La obra es financiada por el Ministerio de Obras [&hellip;]<\/p>\n","protected":false},"author":4,"featured_media":22016,"comment_status":"closed","ping_status":"closed","sticky":false,"template":"","format":"standard","meta":{"_joinchat":[],"footnotes":""},"categories":[4],"tags":[],"class_list":["post-22015","post","type-post","status-publish","format-standard","has-post-thumbnail","hentry","category-politicas-publicas"],"_links":{"self":[{"href":"https:\/\/www.elpolitologoyelpolitico.com.ar\/wordpress\/wp-json\/wp\/v2\/posts\/22015","targetHints":{"allow":["GET"]}}],"collection":[{"href":"https:\/\/www.elpolitologoyelpolitico.com.ar\/wordpress\/wp-json\/wp\/v2\/posts"}],"about":[{"href":"https:\/\/www.elpolitologoyelpolitico.com.ar\/wordpress\/wp-json\/wp\/v2\/types\/post"}],"author":[{"embeddable":true,"href":"https:\/\/www.elpolitologoyelpolitico.com.ar\/wordpress\/wp-json\/wp\/v2\/users\/4"}],"replies":[{"embeddable":true,"href":"https:\/\/www.elpolitologoyelpolitico.com.ar\/wordpress\/wp-json\/wp\/v2\/comments?post=22015"}],"version-history":[{"count":0,"href":"https:\/\/www.elpolitologoyelpolitico.com.ar\/wordpress\/wp-json\/wp\/v2\/posts\/22015\/revisions"}],"wp:featuredmedia":[{"embeddable":true,"href":"https:\/\/www.elpolitologoyelpolitico.com.ar\/wordpress\/wp-json\/wp\/v2\/media\/22016"}],"wp:attachment":[{"href":"https:\/\/www.elpolitologoyelpolitico.com.ar\/wordpress\/wp-json\/wp\/v2\/media?parent=22015"}],"wp:term":[{"taxonomy":"category","embeddable":true,"href":"https:\/\/www.elpolitologoyelpolitico.com.ar\/wordpress\/wp-json\/wp\/v2\/categories?post=22015"},{"taxonomy":"post_tag","embeddable":true,"href":"https:\/\/www.elpolitologoyelpolitico.com.ar\/wordpress\/wp-json\/wp\/v2\/tags?post=22015"}],"curies":[{"name":"wp","href":"https:\/\/api.w.org\/{rel}","templated":true}]}}