{"id":21966,"date":"2022-07-02T17:10:22","date_gmt":"2022-07-02T17:10:22","guid":{"rendered":"https:\/\/www.elpolitologoyelpolitico.com.ar\/wordpress\/?p=21966"},"modified":"2022-07-02T17:10:56","modified_gmt":"2022-07-02T17:10:56","slug":"se-realiza-el-primer-encuentro-ipap-municipios-en-cipolletti","status":"publish","type":"post","link":"https:\/\/www.elpolitologoyelpolitico.com.ar\/wordpress\/2022\/07\/02\/se-realiza-el-primer-encuentro-ipap-municipios-en-cipolletti\/","title":{"rendered":"Se realiza el Primer Encuentro \u201cIPAP \u2013 Municipios\u201d en Cipolletti"},"content":{"rendered":"\n<p>Hoy comenz\u00f3 el \u00ab1er Encuentro IPAP-Municipios\u00bb, en el que autoridades provinciales y municipales abordaron los lineamientos del Programa de capacitaci\u00f3n destinado a municipios para el segundo cuatrimestre de 2022.<\/p>\n\n\n\n<p>Mart\u00edn Alcalde, presidente del IPAP, explic\u00f3 que: \u00abtenemos un espacio destinado a brindar capacitaci\u00f3n para los agentes municipales. Hoy nos encontramos para trabajar en alternativas que provengan de las necesidades que tienen en las comunas para poder solventarlas mediante capacitaci\u00f3n en el IPAP\u00bb.<\/p>\n\n\n\n<p>\u00abEl IPAP es una herramienta para poder trabajar en los proyectos que tienen las organizaciones, tanto municipales como provinciales, y tambi\u00e9n para fortalecer los que ya existen, a la planta de empleados, jerarquizarlos, darles herramientas\u00bb, continu\u00f3 el funcionario.<\/p>\n\n\n\n<p>Por otra parte, se presentar\u00e1n propuestas de capacitaci\u00f3n que distintos organismos provinciales ofrecer\u00e1n a municipios. Iniciar\u00e1 exponiendo Roxana M\u00e9ndez, de la Secretar\u00eda de Estado de Ni\u00f1ez, Adolescencia y Familia (SENAF), luego presentar\u00e1 la secretaria de Modernizaci\u00f3n, Ana Clara Vaisberg,&nbsp; y para finalizar la secretaria de Derechos Humanos Evangelina Saizar.<\/p>\n\n\n\n<p>Tambi\u00e9n habr\u00e1 espacios de trabajo con la secretaria de la Funci\u00f3n P\u00fablica, Liliana Arriaga, y con el secretario de Hacienda Nicol\u00e1s Martin por la Escuela de Gesti\u00f3n de Administraci\u00f3n Financiera y P\u00fablica del Ministerio de Econom\u00eda.<\/p>\n\n\n\n<p>\u00abLuego, por la tarde tendremos ya un espacio en formato taller, para adentrarnos en las necesidades que tiene cada municipio\u00bb, explic\u00f3 Alcalde.<\/p>\n\n\n\n<p>Estuvieron presentes en la apertura los intendentes de Cipolletti, Claudio Di Tella, de R\u00edo Colorado, Gustavo San Rom\u00e1n y Robin del R\u00edo, de Luis Beltr\u00e1n. Tambi\u00e9n participaron representantes de Bariloche, Mainqu\u00e9, Chichinales, Viedma, Allen, Choele Choel, Chimpay, Maquinchao, Lamarque, Sierra Colorada, Catriel, Fern\u00e1ndez Oro, Villa Regina, \u00d1orquinco, Cinco saltos y Valcheta.<\/p>\n<div class=\"fb-background-color\">\n\t\t\t  <div \n\t\t\t  \tclass = \"fb-comments\" \n\t\t\t  \tdata-href = \"https:\/\/www.elpolitologoyelpolitico.com.ar\/wordpress\/2022\/07\/02\/se-realiza-el-primer-encuentro-ipap-municipios-en-cipolletti\/\"\n\t\t\t  \tdata-numposts = \"10\"\n\t\t\t  \tdata-lazy = \"true\"\n\t\t\t\tdata-colorscheme = \"light\"\n\t\t\t\tdata-order-by = \"social\"\n\t\t\t\tdata-mobile=true>\n\t\t\t  <\/div><\/div>\n\t\t  <style>\n\t\t    .fb-background-color {\n\t\t\t\tbackground: #ffffff !important;\n\t\t\t}\n\t\t\t.fb_iframe_widget_fluid_desktop iframe {\n\t\t\t    width: 100% !important;\n\t\t\t}\n\t\t  <\/style>\n\t\t  ","protected":false},"excerpt":{"rendered":"<p>Hoy comenz\u00f3 el \u00ab1er Encuentro IPAP-Municipios\u00bb, en el que autoridades provinciales y municipales abordaron los lineamientos del Programa de capacitaci\u00f3n destinado a municipios para el segundo cuatrimestre de 2022. Mart\u00edn Alcalde, presidente del IPAP, explic\u00f3 que: \u00abtenemos un espacio destinado a brindar capacitaci\u00f3n para los agentes municipales. Hoy nos encontramos para trabajar en alternativas que [&hellip;]<\/p>\n","protected":false},"author":4,"featured_media":21967,"comment_status":"closed","ping_status":"closed","sticky":false,"template":"","format":"standard","meta":{"_joinchat":[],"footnotes":""},"categories":[4],"tags":[],"class_list":["post-21966","post","type-post","status-publish","format-standard","has-post-thumbnail","hentry","category-politicas-publicas"],"_links":{"self":[{"href":"https:\/\/www.elpolitologoyelpolitico.com.ar\/wordpress\/wp-json\/wp\/v2\/posts\/21966","targetHints":{"allow":["GET"]}}],"collection":[{"href":"https:\/\/www.elpolitologoyelpolitico.com.ar\/wordpress\/wp-json\/wp\/v2\/posts"}],"about":[{"href":"https:\/\/www.elpolitologoyelpolitico.com.ar\/wordpress\/wp-json\/wp\/v2\/types\/post"}],"author":[{"embeddable":true,"href":"https:\/\/www.elpolitologoyelpolitico.com.ar\/wordpress\/wp-json\/wp\/v2\/users\/4"}],"replies":[{"embeddable":true,"href":"https:\/\/www.elpolitologoyelpolitico.com.ar\/wordpress\/wp-json\/wp\/v2\/comments?post=21966"}],"version-history":[{"count":0,"href":"https:\/\/www.elpolitologoyelpolitico.com.ar\/wordpress\/wp-json\/wp\/v2\/posts\/21966\/revisions"}],"wp:featuredmedia":[{"embeddable":true,"href":"https:\/\/www.elpolitologoyelpolitico.com.ar\/wordpress\/wp-json\/wp\/v2\/media\/21967"}],"wp:attachment":[{"href":"https:\/\/www.elpolitologoyelpolitico.com.ar\/wordpress\/wp-json\/wp\/v2\/media?parent=21966"}],"wp:term":[{"taxonomy":"category","embeddable":true,"href":"https:\/\/www.elpolitologoyelpolitico.com.ar\/wordpress\/wp-json\/wp\/v2\/categories?post=21966"},{"taxonomy":"post_tag","embeddable":true,"href":"https:\/\/www.elpolitologoyelpolitico.com.ar\/wordpress\/wp-json\/wp\/v2\/tags?post=21966"}],"curies":[{"name":"wp","href":"https:\/\/api.w.org\/{rel}","templated":true}]}}