{"id":21913,"date":"2022-07-01T01:38:58","date_gmt":"2022-07-01T01:38:58","guid":{"rendered":"https:\/\/www.elpolitologoyelpolitico.com.ar\/wordpress\/?p=21913"},"modified":"2022-07-01T01:40:27","modified_gmt":"2022-07-01T01:40:27","slug":"la-provincia-se-reunira-con-transportistas-autoconvocados-y-se-levantaron-los-cortes","status":"publish","type":"post","link":"https:\/\/www.elpolitologoyelpolitico.com.ar\/wordpress\/2022\/07\/01\/la-provincia-se-reunira-con-transportistas-autoconvocados-y-se-levantaron-los-cortes\/","title":{"rendered":"La Provincia se reunir\u00e1 con transportistas autoconvocados y se levantaron los cortes"},"content":{"rendered":"\n<p>El Gobierno de R\u00edo Negro convoc\u00f3 a reuni\u00f3n, para este viernes 1 de julio a las 11, a representantes de los transportistas autoconvocados que mantenian medidas de fuerza en sectores del Alto Valle. A partir de esta gesti\u00f3n se suspendieron los cortes de ruta que se realizaban.<\/p>\n\n\n\n<p>Este encuentro se llevar\u00e1 a cabo en la sede del Ministerio de Trabajo en Viedma, y participar\u00e1 el titular de la cartera, Jorge Stopiello, y el secretario de Transporte, Juan Ignacio Ciancaglini.<\/p>\n<div class=\"fb-background-color\">\n\t\t\t  <div \n\t\t\t  \tclass = \"fb-comments\" \n\t\t\t  \tdata-href = \"https:\/\/www.elpolitologoyelpolitico.com.ar\/wordpress\/2022\/07\/01\/la-provincia-se-reunira-con-transportistas-autoconvocados-y-se-levantaron-los-cortes\/\"\n\t\t\t  \tdata-numposts = \"10\"\n\t\t\t  \tdata-lazy = \"true\"\n\t\t\t\tdata-colorscheme = \"light\"\n\t\t\t\tdata-order-by = \"social\"\n\t\t\t\tdata-mobile=true>\n\t\t\t  <\/div><\/div>\n\t\t  <style>\n\t\t    .fb-background-color {\n\t\t\t\tbackground: #ffffff !important;\n\t\t\t}\n\t\t\t.fb_iframe_widget_fluid_desktop iframe {\n\t\t\t    width: 100% !important;\n\t\t\t}\n\t\t  <\/style>\n\t\t  ","protected":false},"excerpt":{"rendered":"<p>El Gobierno de R\u00edo Negro convoc\u00f3 a reuni\u00f3n, para este viernes 1 de julio a las 11, a representantes de los transportistas autoconvocados que mantenian medidas de fuerza en sectores del Alto Valle. A partir de esta gesti\u00f3n se suspendieron los cortes de ruta que se realizaban. Este encuentro se llevar\u00e1 a cabo en la [&hellip;]<\/p>\n","protected":false},"author":4,"featured_media":21914,"comment_status":"closed","ping_status":"closed","sticky":false,"template":"","format":"standard","meta":{"_joinchat":[],"footnotes":""},"categories":[4],"tags":[],"class_list":["post-21913","post","type-post","status-publish","format-standard","has-post-thumbnail","hentry","category-politicas-publicas"],"_links":{"self":[{"href":"https:\/\/www.elpolitologoyelpolitico.com.ar\/wordpress\/wp-json\/wp\/v2\/posts\/21913","targetHints":{"allow":["GET"]}}],"collection":[{"href":"https:\/\/www.elpolitologoyelpolitico.com.ar\/wordpress\/wp-json\/wp\/v2\/posts"}],"about":[{"href":"https:\/\/www.elpolitologoyelpolitico.com.ar\/wordpress\/wp-json\/wp\/v2\/types\/post"}],"author":[{"embeddable":true,"href":"https:\/\/www.elpolitologoyelpolitico.com.ar\/wordpress\/wp-json\/wp\/v2\/users\/4"}],"replies":[{"embeddable":true,"href":"https:\/\/www.elpolitologoyelpolitico.com.ar\/wordpress\/wp-json\/wp\/v2\/comments?post=21913"}],"version-history":[{"count":0,"href":"https:\/\/www.elpolitologoyelpolitico.com.ar\/wordpress\/wp-json\/wp\/v2\/posts\/21913\/revisions"}],"wp:featuredmedia":[{"embeddable":true,"href":"https:\/\/www.elpolitologoyelpolitico.com.ar\/wordpress\/wp-json\/wp\/v2\/media\/21914"}],"wp:attachment":[{"href":"https:\/\/www.elpolitologoyelpolitico.com.ar\/wordpress\/wp-json\/wp\/v2\/media?parent=21913"}],"wp:term":[{"taxonomy":"category","embeddable":true,"href":"https:\/\/www.elpolitologoyelpolitico.com.ar\/wordpress\/wp-json\/wp\/v2\/categories?post=21913"},{"taxonomy":"post_tag","embeddable":true,"href":"https:\/\/www.elpolitologoyelpolitico.com.ar\/wordpress\/wp-json\/wp\/v2\/tags?post=21913"}],"curies":[{"name":"wp","href":"https:\/\/api.w.org\/{rel}","templated":true}]}}