{"id":21290,"date":"2022-06-12T01:13:28","date_gmt":"2022-06-12T01:13:28","guid":{"rendered":"https:\/\/www.elpolitologoyelpolitico.com.ar\/wordpress\/?p=21290"},"modified":"2022-06-12T01:14:03","modified_gmt":"2022-06-12T01:14:03","slug":"integrantes-del-peronismo-rionegrino-se-reunieron-en-san-antonio-oeste","status":"publish","type":"post","link":"https:\/\/www.elpolitologoyelpolitico.com.ar\/wordpress\/2022\/06\/12\/integrantes-del-peronismo-rionegrino-se-reunieron-en-san-antonio-oeste\/","title":{"rendered":"INTEGRANTES DEL PERONISMO RIONEGRINO SE REUNIERON EN SAN ANTONIO OESTE"},"content":{"rendered":"\n<p>El encuentro de Unidades B\u00e1sicas mostro unidad y duras cr\u00edticas a Juntos Somos R\u00edo Negro.<\/p>\n\n\n\n<p>Un amplio sector del peronismo rionegrino mostr\u00f3 unidad y vocaci\u00f3n de poder, con la participaci\u00f3n de m\u00e1s de 18 unidades b\u00e1sicas, legisladores, intendentes y referentes de toda la provincia que confluyeron en un encuentro desarrollado en la noche del viernes en el club N\u00e1utico de San Antonio Oeste.<\/p>\n\n\n\n<p>La convocatoria fue impulsada por la Unidad B\u00e1sica Benito Martino que conduce Mario Schachtel y de la que participa activamente el legislador Luis Noale.<\/p>\n\n\n\n<p>\u201cEl peronismo no es furg\u00f3n de cola de nadie, no tiene precio, no se negocia, no se vende, el peronismo es la columna vertebral de todo el movimiento, de nuestros ideales y de nuestra ideolog\u00eda, no va a ir acompa\u00f1ando ning\u00fan negocio espurio para cuidarle el carrito a alg\u00fan intendente que tiene miedo, a los peronistas no nos van a usar para meternos en la interna de otro partido, en Buenos Aires que se ocupen de sus cosas, de sus bancas de sus negocios, porque el peronismo de R\u00edo Negro hoy est\u00e1 ac\u00e1\u201d, dijo la intendenta de General Roca Mar\u00eda Emilia Soria.<\/p>\n\n\n\n<p>La presidente del bloque de legisladores, Mar\u00eda Eugenia Martini coincidi\u00f3 con la jefa comunal al preguntarse \u201ca qu\u00e9 derecha nos dicen que tenemos que combatir si Juntos Somos R\u00edo Negro fue el gerente de Macri durante cuatro a\u00f1os, fue el representante del macrismo en R\u00edo Negro. Digamos las cosas como son, vayamos sin dobleces, el peronismo siempre fue independencia econ\u00f3mica, no endeuda en d\u00f3lares. Hoy Rio Negro debe m\u00e1s de 60 mil millones de pesos, y ahora no saben c\u00f3mo pagarle el sueldo a nuestros trabajadores\u201d.<\/p>\n\n\n\n<p>Martini resalt\u00f3 que \u201cel peronismo est\u00e1 m\u00e1s vivo que nunca\u201d y pidi\u00f3 a la militancia que \u201cvolvamos a enamorar, con franqueza, con honestidad, diciendo lo que podemos y lo que no podemos pero dando la cara, no podemos permitir que quieran llevar al peronismo a cualquier lado. El Gringo Soria lleg\u00f3 al gobierno enfrentando las definiciones de Buenos Aires porque somos rionegrinos y rionegrinas y esas son las banderas que tenemos que defender\u201d.<\/p>\n\n\n\n<p>El intendente de Sierra Grande, Renzo Tamburrini, afirm\u00f3 que \u201ces necesario recuperar la m\u00edstica porque nos va a dar la fuerza para enfrentar lo que se viene, ser opci\u00f3n de gobierno. Hubo compa\u00f1eros que canalizaron la voluntad del resto de la comunidad y le pusieron precio\u201d, critic\u00f3.<\/p>\n\n\n\n<p>\u201cNecesitamos que los militantes interpreten que nosotros no tenemos precio. El PJ tiene representaci\u00f3n nacional, provinciales, local, barrial, institucional, afiliados, estructura, organizaci\u00f3n, tiene todo lo que tiene que tener un partido pol\u00edtico que nos lleve al gobierno. Tiene precandidatos y va a tener mucho m\u00e1s, y va a tener proyecto pol\u00edtico que nos va a representar. El partido Justicialista rionegrino tiene todo para tener un proyecto poltico propio, con sus propios candidatos\u201d, destac\u00f3.<\/p>\n\n\n\n<p>El titular del Distrito 20 de Vialidad Nacional, Gustavo Casas, critic\u00f3 al gobierno provincial y dijo que tenemos una provincia maravillosa. Nos toca una tarea tit\u00e1nica, esto es para valientes, les deseo la felicidad del mundo porque vamos a recuperar la Provincia y los Municipios\u201d.<\/p>\n\n\n\n<p>Uno de los anfitriones, Luis Noale, asegur\u00f3 que\u201dlo que queremos es recuperar la vocaci\u00f3n d poder. Esperemos que desde este lugar aportemos un granito de arena para recuperar la m\u00edstica que perdi\u00f3 este partido, que desde este lugar acompa\u00f1emos y empecemos a movilizar el peronismo que tanta falta nos hace. Terminemos con la militancia de las redes, hay que hacerla mirando a la cara, poniendo a la cara. Coincidimos todos en un objetivo en com\u00fan, que nuestro movimiento no se vende, no se alquila, no se regala\u201d.<\/p>\n\n\n\n<p>La bienvenida la hab\u00eda dado el secretario general de la Unidad B\u00e1sica local, Mario Schachtel quien destac\u00f3 que \u201cla lealtad no se compra\u201d.<\/p>\n\n\n\n<p>Estuvieron presentes una veintena de Unidades B\u00e1sicas de toda la Provincia, los intendentes Fabian Pilquinao, Tamburrini y Soria, concejales, revisores de Cuentas, los legisladores Pablo Barreno, Jos\u00e9 Luis Berros, Ignacio Casamiquela, Daniela Salzotto, Alejandro Marinao, Noale, y Martini, funcionarios de organismos nacionales y m\u00e1s de 200 simpatizantes de diferentes localidades rionegrinas.<\/p>\n\n\n\n<p><\/p>\n<div class=\"fb-background-color\">\n\t\t\t  <div \n\t\t\t  \tclass = \"fb-comments\" \n\t\t\t  \tdata-href = \"https:\/\/www.elpolitologoyelpolitico.com.ar\/wordpress\/2022\/06\/12\/integrantes-del-peronismo-rionegrino-se-reunieron-en-san-antonio-oeste\/\"\n\t\t\t  \tdata-numposts = \"10\"\n\t\t\t  \tdata-lazy = \"true\"\n\t\t\t\tdata-colorscheme = \"light\"\n\t\t\t\tdata-order-by = \"social\"\n\t\t\t\tdata-mobile=true>\n\t\t\t  <\/div><\/div>\n\t\t  <style>\n\t\t    .fb-background-color {\n\t\t\t\tbackground: #ffffff !important;\n\t\t\t}\n\t\t\t.fb_iframe_widget_fluid_desktop iframe {\n\t\t\t    width: 100% !important;\n\t\t\t}\n\t\t  <\/style>\n\t\t  ","protected":false},"excerpt":{"rendered":"<p>El encuentro de Unidades B\u00e1sicas mostro unidad y duras cr\u00edticas a Juntos Somos R\u00edo Negro. Un amplio sector del peronismo rionegrino mostr\u00f3 unidad y vocaci\u00f3n de poder, con la participaci\u00f3n de m\u00e1s de 18 unidades b\u00e1sicas, legisladores, intendentes y referentes de toda la provincia que confluyeron en un encuentro desarrollado en la noche del viernes [&hellip;]<\/p>\n","protected":false},"author":4,"featured_media":21291,"comment_status":"closed","ping_status":"closed","sticky":false,"template":"","format":"standard","meta":{"_joinchat":[],"footnotes":""},"categories":[5],"tags":[],"class_list":["post-21290","post","type-post","status-publish","format-standard","has-post-thumbnail","hentry","category-partidos-politicos"],"_links":{"self":[{"href":"https:\/\/www.elpolitologoyelpolitico.com.ar\/wordpress\/wp-json\/wp\/v2\/posts\/21290","targetHints":{"allow":["GET"]}}],"collection":[{"href":"https:\/\/www.elpolitologoyelpolitico.com.ar\/wordpress\/wp-json\/wp\/v2\/posts"}],"about":[{"href":"https:\/\/www.elpolitologoyelpolitico.com.ar\/wordpress\/wp-json\/wp\/v2\/types\/post"}],"author":[{"embeddable":true,"href":"https:\/\/www.elpolitologoyelpolitico.com.ar\/wordpress\/wp-json\/wp\/v2\/users\/4"}],"replies":[{"embeddable":true,"href":"https:\/\/www.elpolitologoyelpolitico.com.ar\/wordpress\/wp-json\/wp\/v2\/comments?post=21290"}],"version-history":[{"count":0,"href":"https:\/\/www.elpolitologoyelpolitico.com.ar\/wordpress\/wp-json\/wp\/v2\/posts\/21290\/revisions"}],"wp:featuredmedia":[{"embeddable":true,"href":"https:\/\/www.elpolitologoyelpolitico.com.ar\/wordpress\/wp-json\/wp\/v2\/media\/21291"}],"wp:attachment":[{"href":"https:\/\/www.elpolitologoyelpolitico.com.ar\/wordpress\/wp-json\/wp\/v2\/media?parent=21290"}],"wp:term":[{"taxonomy":"category","embeddable":true,"href":"https:\/\/www.elpolitologoyelpolitico.com.ar\/wordpress\/wp-json\/wp\/v2\/categories?post=21290"},{"taxonomy":"post_tag","embeddable":true,"href":"https:\/\/www.elpolitologoyelpolitico.com.ar\/wordpress\/wp-json\/wp\/v2\/tags?post=21290"}],"curies":[{"name":"wp","href":"https:\/\/api.w.org\/{rel}","templated":true}]}}