{"id":20849,"date":"2022-05-29T00:06:50","date_gmt":"2022-05-29T00:06:50","guid":{"rendered":"https:\/\/www.elpolitologoyelpolitico.com.ar\/wordpress\/?p=20849"},"modified":"2022-05-29T00:06:52","modified_gmt":"2022-05-29T00:06:52","slug":"se-licito-la-construccion-de-una-nueva-obra-frente-al-paseo-gastronomico-del-puente-basilio-villarino","status":"publish","type":"post","link":"https:\/\/www.elpolitologoyelpolitico.com.ar\/wordpress\/2022\/05\/29\/se-licito-la-construccion-de-una-nueva-obra-frente-al-paseo-gastronomico-del-puente-basilio-villarino\/","title":{"rendered":"Se licit\u00f3 la Construcci\u00f3n de una nueva obra frente al Paseo Gastron\u00f3mico del Puente Basilio Villarino\u00a0"},"content":{"rendered":"\n<p><\/p>\n\n\n\n<p>El objetivo es continuar con la puesta en valor del Parque Ferreira, lugar que la comunidad ya adopt\u00f3 como un punto de encuentro, esparcimiento y recreaci\u00f3n.<\/p>\n\n\n\n<p>La nueva obra, ser\u00e1 un espacio dedicado a una de las obras de arte m\u00e1s importante de la humanidad: <strong>el mural Guernica de Pablo Picasso<\/strong>, denunciatorio del primer bombardeo a\u00e9reo de la historia sobre una poblaci\u00f3n civil, llevado a cabo por la aviaci\u00f3n de la Alemania nazi en 1937 en el pa\u00eds vasco, en el contexto de la guerra civil espa\u00f1ola.&nbsp;<\/p>\n\n\n\n<p>El Jard\u00edn del Guernica ser\u00e1 un monumento para que la comunidad tenga un sitio de recogimiento y reflexi\u00f3n sobre las consecuencias del odio en todas sus manifestaciones, para valorar la paz, para desnaturalizar todas las conductas violentas que atraviesan el tiempo actual.&nbsp;<\/p>\n\n\n\n<p>Una vez concluida la obra se firmar\u00e1 un convenio de colaboraci\u00f3n con la Asociaci\u00f3n Vasca y la Colectividad Jud\u00eda para gestionar distintas acciones culturales y educativas.<\/p>\n\n\n\n<figure class=\"wp-block-gallery has-nested-images columns-default is-cropped wp-block-gallery-1 is-layout-flex wp-block-gallery-is-layout-flex\">\n<figure class=\"wp-block-image size-large\"><img fetchpriority=\"high\" decoding=\"async\" width=\"720\" height=\"419\" data-id=\"20851\" src=\"https:\/\/www.elpolitologoyelpolitico.com.ar\/wp-content\/uploads\/2022\/05\/IMG-20220528-WA0024.jpg\" alt=\"\" class=\"wp-image-20851\" srcset=\"https:\/\/www.elpolitologoyelpolitico.com.ar\/wp-content\/uploads\/2022\/05\/IMG-20220528-WA0024.jpg 720w, https:\/\/www.elpolitologoyelpolitico.com.ar\/wp-content\/uploads\/2022\/05\/IMG-20220528-WA0024-300x175.jpg 300w\" sizes=\"(max-width: 720px) 100vw, 720px\" \/><\/figure>\n\n\n\n<figure class=\"wp-block-image size-large\"><img decoding=\"async\" width=\"720\" height=\"405\" data-id=\"20852\" src=\"https:\/\/www.elpolitologoyelpolitico.com.ar\/wp-content\/uploads\/2022\/05\/IMG-20220528-WA0023.jpg\" alt=\"\" class=\"wp-image-20852\" srcset=\"https:\/\/www.elpolitologoyelpolitico.com.ar\/wp-content\/uploads\/2022\/05\/IMG-20220528-WA0023.jpg 720w, https:\/\/www.elpolitologoyelpolitico.com.ar\/wp-content\/uploads\/2022\/05\/IMG-20220528-WA0023-300x169.jpg 300w\" sizes=\"(max-width: 720px) 100vw, 720px\" \/><\/figure>\n<\/figure>\n<div class=\"fb-background-color\">\n\t\t\t  <div \n\t\t\t  \tclass = \"fb-comments\" \n\t\t\t  \tdata-href = \"https:\/\/www.elpolitologoyelpolitico.com.ar\/wordpress\/2022\/05\/29\/se-licito-la-construccion-de-una-nueva-obra-frente-al-paseo-gastronomico-del-puente-basilio-villarino\/\"\n\t\t\t  \tdata-numposts = \"10\"\n\t\t\t  \tdata-lazy = \"true\"\n\t\t\t\tdata-colorscheme = \"light\"\n\t\t\t\tdata-order-by = \"social\"\n\t\t\t\tdata-mobile=true>\n\t\t\t  <\/div><\/div>\n\t\t  <style>\n\t\t    .fb-background-color {\n\t\t\t\tbackground: #ffffff !important;\n\t\t\t}\n\t\t\t.fb_iframe_widget_fluid_desktop iframe {\n\t\t\t    width: 100% !important;\n\t\t\t}\n\t\t  <\/style>\n\t\t  ","protected":false},"excerpt":{"rendered":"<p>El objetivo es continuar con la puesta en valor del Parque Ferreira, lugar que la comunidad ya adopt\u00f3 como un punto de encuentro, esparcimiento y recreaci\u00f3n. La nueva obra, ser\u00e1 un espacio dedicado a una de las obras de arte m\u00e1s importante de la humanidad: el mural Guernica de Pablo Picasso, denunciatorio del primer bombardeo [&hellip;]<\/p>\n","protected":false},"author":4,"featured_media":20850,"comment_status":"closed","ping_status":"closed","sticky":false,"template":"","format":"standard","meta":{"_joinchat":[],"footnotes":""},"categories":[39],"tags":[],"class_list":["post-20849","post","type-post","status-publish","format-standard","has-post-thumbnail","hentry","category-en-esta-seccion"],"_links":{"self":[{"href":"https:\/\/www.elpolitologoyelpolitico.com.ar\/wordpress\/wp-json\/wp\/v2\/posts\/20849","targetHints":{"allow":["GET"]}}],"collection":[{"href":"https:\/\/www.elpolitologoyelpolitico.com.ar\/wordpress\/wp-json\/wp\/v2\/posts"}],"about":[{"href":"https:\/\/www.elpolitologoyelpolitico.com.ar\/wordpress\/wp-json\/wp\/v2\/types\/post"}],"author":[{"embeddable":true,"href":"https:\/\/www.elpolitologoyelpolitico.com.ar\/wordpress\/wp-json\/wp\/v2\/users\/4"}],"replies":[{"embeddable":true,"href":"https:\/\/www.elpolitologoyelpolitico.com.ar\/wordpress\/wp-json\/wp\/v2\/comments?post=20849"}],"version-history":[{"count":0,"href":"https:\/\/www.elpolitologoyelpolitico.com.ar\/wordpress\/wp-json\/wp\/v2\/posts\/20849\/revisions"}],"wp:featuredmedia":[{"embeddable":true,"href":"https:\/\/www.elpolitologoyelpolitico.com.ar\/wordpress\/wp-json\/wp\/v2\/media\/20850"}],"wp:attachment":[{"href":"https:\/\/www.elpolitologoyelpolitico.com.ar\/wordpress\/wp-json\/wp\/v2\/media?parent=20849"}],"wp:term":[{"taxonomy":"category","embeddable":true,"href":"https:\/\/www.elpolitologoyelpolitico.com.ar\/wordpress\/wp-json\/wp\/v2\/categories?post=20849"},{"taxonomy":"post_tag","embeddable":true,"href":"https:\/\/www.elpolitologoyelpolitico.com.ar\/wordpress\/wp-json\/wp\/v2\/tags?post=20849"}],"curies":[{"name":"wp","href":"https:\/\/api.w.org\/{rel}","templated":true}]}}