{"id":20846,"date":"2022-05-28T22:23:59","date_gmt":"2022-05-28T22:23:59","guid":{"rendered":"https:\/\/www.elpolitologoyelpolitico.com.ar\/wordpress\/?p=20846"},"modified":"2022-05-28T22:24:02","modified_gmt":"2022-05-28T22:24:02","slug":"menores-de-5-a-11-anos-ya-se-pueden-vacunar-con-la-primera-dosis-de-refuerzo-contra-el-covid-19","status":"publish","type":"post","link":"https:\/\/www.elpolitologoyelpolitico.com.ar\/wordpress\/2022\/05\/28\/menores-de-5-a-11-anos-ya-se-pueden-vacunar-con-la-primera-dosis-de-refuerzo-contra-el-covid-19\/","title":{"rendered":"Menores de 5 a 11 a\u00f1os ya se pueden vacunar con la primera dosis de refuerzo contra el COVID-19"},"content":{"rendered":"\n<p><\/p>\n\n\n\n<p>Autoridades del Ministerio de Salud de R\u00edo Negro, siguiendo los lineamientos de sus pares de Naci\u00f3n, definieron iniciar con aplicaci\u00f3n de dosis de refuerzo a ni\u00f1os y ni\u00f1as menores de 5 a 11 a\u00f1os de edad.<\/p>\n\n\n\n<p>El periodo de interdosis entre segunda dosis y refuerzo deber\u00e1 ser no menor a cuatro meses y se podr\u00e1 aplicar en vacunatorios y Centros de Salud de toda la provincia.&nbsp;<\/p>\n\n\n\n<p><strong>Vacunaci\u00f3n a mayores de 18 a\u00f1os<\/strong><\/p>\n\n\n\n<p>En este mismo sentido, desde el \u00e1rea de Inmunizaciones instan a la poblaci\u00f3n mayor de 18 a\u00f1os de edad a completar el esquema&nbsp; de vacunaci\u00f3n con la 4ta dosis o 2do refuerzo.<\/p>\n\n\n\n<p>Es importante remarcar que&nbsp; para acceder a este nuevo refuerzo&nbsp; es necesario&nbsp; que se hayan aplicado la tercera dosis con un periodo no menor a cuatro meses.&nbsp;<\/p>\n\n\n\n<p>La finalidad es avanzar con el objetivo de vacunar al 100% de la poblaci\u00f3n objetivo en forma escalonada y simult\u00e1nea, de acuerdo con la disponibilidad gradual y creciente de los recursos y la priorizaci\u00f3n de riesgo.<\/p>\n<div class=\"fb-background-color\">\n\t\t\t  <div \n\t\t\t  \tclass = \"fb-comments\" \n\t\t\t  \tdata-href = \"https:\/\/www.elpolitologoyelpolitico.com.ar\/wordpress\/2022\/05\/28\/menores-de-5-a-11-anos-ya-se-pueden-vacunar-con-la-primera-dosis-de-refuerzo-contra-el-covid-19\/\"\n\t\t\t  \tdata-numposts = \"10\"\n\t\t\t  \tdata-lazy = \"true\"\n\t\t\t\tdata-colorscheme = \"light\"\n\t\t\t\tdata-order-by = \"social\"\n\t\t\t\tdata-mobile=true>\n\t\t\t  <\/div><\/div>\n\t\t  <style>\n\t\t    .fb-background-color {\n\t\t\t\tbackground: #ffffff !important;\n\t\t\t}\n\t\t\t.fb_iframe_widget_fluid_desktop iframe {\n\t\t\t    width: 100% !important;\n\t\t\t}\n\t\t  <\/style>\n\t\t  ","protected":false},"excerpt":{"rendered":"<p>Autoridades del Ministerio de Salud de R\u00edo Negro, siguiendo los lineamientos de sus pares de Naci\u00f3n, definieron iniciar con aplicaci\u00f3n de dosis de refuerzo a ni\u00f1os y ni\u00f1as menores de 5 a 11 a\u00f1os de edad. El periodo de interdosis entre segunda dosis y refuerzo deber\u00e1 ser no menor a cuatro meses y se podr\u00e1 [&hellip;]<\/p>\n","protected":false},"author":4,"featured_media":20847,"comment_status":"closed","ping_status":"closed","sticky":false,"template":"","format":"standard","meta":{"_joinchat":[],"footnotes":""},"categories":[39],"tags":[],"class_list":["post-20846","post","type-post","status-publish","format-standard","has-post-thumbnail","hentry","category-en-esta-seccion"],"_links":{"self":[{"href":"https:\/\/www.elpolitologoyelpolitico.com.ar\/wordpress\/wp-json\/wp\/v2\/posts\/20846","targetHints":{"allow":["GET"]}}],"collection":[{"href":"https:\/\/www.elpolitologoyelpolitico.com.ar\/wordpress\/wp-json\/wp\/v2\/posts"}],"about":[{"href":"https:\/\/www.elpolitologoyelpolitico.com.ar\/wordpress\/wp-json\/wp\/v2\/types\/post"}],"author":[{"embeddable":true,"href":"https:\/\/www.elpolitologoyelpolitico.com.ar\/wordpress\/wp-json\/wp\/v2\/users\/4"}],"replies":[{"embeddable":true,"href":"https:\/\/www.elpolitologoyelpolitico.com.ar\/wordpress\/wp-json\/wp\/v2\/comments?post=20846"}],"version-history":[{"count":0,"href":"https:\/\/www.elpolitologoyelpolitico.com.ar\/wordpress\/wp-json\/wp\/v2\/posts\/20846\/revisions"}],"wp:featuredmedia":[{"embeddable":true,"href":"https:\/\/www.elpolitologoyelpolitico.com.ar\/wordpress\/wp-json\/wp\/v2\/media\/20847"}],"wp:attachment":[{"href":"https:\/\/www.elpolitologoyelpolitico.com.ar\/wordpress\/wp-json\/wp\/v2\/media?parent=20846"}],"wp:term":[{"taxonomy":"category","embeddable":true,"href":"https:\/\/www.elpolitologoyelpolitico.com.ar\/wordpress\/wp-json\/wp\/v2\/categories?post=20846"},{"taxonomy":"post_tag","embeddable":true,"href":"https:\/\/www.elpolitologoyelpolitico.com.ar\/wordpress\/wp-json\/wp\/v2\/tags?post=20846"}],"curies":[{"name":"wp","href":"https:\/\/api.w.org\/{rel}","templated":true}]}}