{"id":20843,"date":"2022-05-28T21:20:38","date_gmt":"2022-05-28T21:20:38","guid":{"rendered":"https:\/\/www.elpolitologoyelpolitico.com.ar\/wordpress\/?p=20843"},"modified":"2022-05-28T21:20:40","modified_gmt":"2022-05-28T21:20:40","slug":"el-pago-de-haberes-a-estatales-comenzara-el-2-de-junio","status":"publish","type":"post","link":"https:\/\/www.elpolitologoyelpolitico.com.ar\/wordpress\/2022\/05\/28\/el-pago-de-haberes-a-estatales-comenzara-el-2-de-junio\/","title":{"rendered":"El pago de haberes a estatales comenzar\u00e1 el 2 de junio"},"content":{"rendered":"\n<p><\/p>\n\n\n\n<p>El pr\u00f3ximo jueves 2 de junio comenzar\u00e1 el pago de haberes a las y los estatales rionegrinos. Ser\u00e1 con el dep\u00f3sito al sector de Salud, incluidas las horas extras y las guardias.<\/p>\n\n\n\n<p>El cronograma continuar\u00e1 viernes 3 con el sector policial y penitenciario, mientras que el s\u00e1bado 4 se abonar\u00e1n los haberes de los docentes y porteros, de los agentes enmarcados en la Ley 1844, el personal de Vialidad Rionegrina y Bomberos Voluntarios.<\/p>\n\n\n\n<p>Finalmente, el martes 7 percibir\u00e1n sus haberes el personal de los Poderes Legislativo y Judicial, y Organismos de Control.<\/p>\n\n\n\n<p>Cabe aclarar que los salarios se liquidar\u00e1n con el 14% de aumento acordado para este mes en el \u00e1mbito de la Mesa de la Funci\u00f3n P\u00fablica.<\/p>\n<div class=\"fb-background-color\">\n\t\t\t  <div \n\t\t\t  \tclass = \"fb-comments\" \n\t\t\t  \tdata-href = \"https:\/\/www.elpolitologoyelpolitico.com.ar\/wordpress\/2022\/05\/28\/el-pago-de-haberes-a-estatales-comenzara-el-2-de-junio\/\"\n\t\t\t  \tdata-numposts = \"10\"\n\t\t\t  \tdata-lazy = \"true\"\n\t\t\t\tdata-colorscheme = \"light\"\n\t\t\t\tdata-order-by = \"social\"\n\t\t\t\tdata-mobile=true>\n\t\t\t  <\/div><\/div>\n\t\t  <style>\n\t\t    .fb-background-color {\n\t\t\t\tbackground: #ffffff !important;\n\t\t\t}\n\t\t\t.fb_iframe_widget_fluid_desktop iframe {\n\t\t\t    width: 100% !important;\n\t\t\t}\n\t\t  <\/style>\n\t\t  ","protected":false},"excerpt":{"rendered":"<p>El pr\u00f3ximo jueves 2 de junio comenzar\u00e1 el pago de haberes a las y los estatales rionegrinos. Ser\u00e1 con el dep\u00f3sito al sector de Salud, incluidas las horas extras y las guardias. El cronograma continuar\u00e1 viernes 3 con el sector policial y penitenciario, mientras que el s\u00e1bado 4 se abonar\u00e1n los haberes de los docentes [&hellip;]<\/p>\n","protected":false},"author":4,"featured_media":20844,"comment_status":"closed","ping_status":"closed","sticky":false,"template":"","format":"standard","meta":{"_joinchat":[],"footnotes":""},"categories":[39],"tags":[],"class_list":["post-20843","post","type-post","status-publish","format-standard","has-post-thumbnail","hentry","category-en-esta-seccion"],"_links":{"self":[{"href":"https:\/\/www.elpolitologoyelpolitico.com.ar\/wordpress\/wp-json\/wp\/v2\/posts\/20843","targetHints":{"allow":["GET"]}}],"collection":[{"href":"https:\/\/www.elpolitologoyelpolitico.com.ar\/wordpress\/wp-json\/wp\/v2\/posts"}],"about":[{"href":"https:\/\/www.elpolitologoyelpolitico.com.ar\/wordpress\/wp-json\/wp\/v2\/types\/post"}],"author":[{"embeddable":true,"href":"https:\/\/www.elpolitologoyelpolitico.com.ar\/wordpress\/wp-json\/wp\/v2\/users\/4"}],"replies":[{"embeddable":true,"href":"https:\/\/www.elpolitologoyelpolitico.com.ar\/wordpress\/wp-json\/wp\/v2\/comments?post=20843"}],"version-history":[{"count":0,"href":"https:\/\/www.elpolitologoyelpolitico.com.ar\/wordpress\/wp-json\/wp\/v2\/posts\/20843\/revisions"}],"wp:featuredmedia":[{"embeddable":true,"href":"https:\/\/www.elpolitologoyelpolitico.com.ar\/wordpress\/wp-json\/wp\/v2\/media\/20844"}],"wp:attachment":[{"href":"https:\/\/www.elpolitologoyelpolitico.com.ar\/wordpress\/wp-json\/wp\/v2\/media?parent=20843"}],"wp:term":[{"taxonomy":"category","embeddable":true,"href":"https:\/\/www.elpolitologoyelpolitico.com.ar\/wordpress\/wp-json\/wp\/v2\/categories?post=20843"},{"taxonomy":"post_tag","embeddable":true,"href":"https:\/\/www.elpolitologoyelpolitico.com.ar\/wordpress\/wp-json\/wp\/v2\/tags?post=20843"}],"curies":[{"name":"wp","href":"https:\/\/api.w.org\/{rel}","templated":true}]}}