{"id":20829,"date":"2022-05-28T18:11:11","date_gmt":"2022-05-28T18:11:11","guid":{"rendered":"https:\/\/www.elpolitologoyelpolitico.com.ar\/wordpress\/?p=20829"},"modified":"2022-05-28T18:11:12","modified_gmt":"2022-05-28T18:11:12","slug":"hcd-patagones-se-llevo-a-cabo-la-primera-sesion-especial-en-villalonga","status":"publish","type":"post","link":"https:\/\/www.elpolitologoyelpolitico.com.ar\/wordpress\/2022\/05\/28\/hcd-patagones-se-llevo-a-cabo-la-primera-sesion-especial-en-villalonga\/","title":{"rendered":"HCD PATAGONES: Se llev\u00f3 a cabo la Primera Sesi\u00f3n especial en Villalonga"},"content":{"rendered":"\n<p><\/p>\n\n\n\n<p>En la casa de la Cultura \u201cViejo Hotel de Villalonga\u201d, se realiz\u00f3 la Primera Sesi\u00f3n Especial.<\/p>\n\n\n\n<p>Se realiz\u00f3 el izado del pabell\u00f3n nacional en la plazoleta que se encuentra en la Delegaci\u00f3n Municipal, a pocos metros de la Casa de la Cultura. Participaron la Delegada Valeria M\u00e9ndez, el Presidente del HCD, la Secretaria Legislativa y los Concejales.&nbsp;<\/p>\n\n\n\n<p>El Presidente Julio Costantino, invit\u00f3 a la Delegada Municipal Valeria M\u00e9ndez, al estrado y dio la bienvenida a todos los Concejales, agradeci\u00f3 que el Honorable Concejo Deliberante est\u00e9 presente en este 93 aniversario y deseo una buena jornada para todos.<\/p>\n\n\n\n<p>Luego en cumplimiento a lo establecido en el Art\u00edculo 192 Inciso 5 de la Constituci\u00f3n de la Provincia de Buenos Aires.&nbsp; Al art\u00edculo 68, Inciso 4, del Decreto Ley 6769\/58. A la Ley 10.869, cap\u00edtulo V, articulo 23 y al art\u00edculo 10, Inciso B, del Reglamento Interno del HCD, se dio tratamiento al \u00fanico expediente del orden del d\u00eda:&nbsp;&nbsp;<\/p>\n\n\n\n<p>Expediente 4084-1695\/22- Rendici\u00f3n de Cuentas, Ejercicio 2021, Anexos 1 y 2<\/p>\n\n\n\n<p>Aprobado por Mayor\u00eda.<\/p>\n\n\n\n<p>Estuvieron presentes: el Presidente del HCD Julio Costantino, la Secretaria Legislativa M\u00f3nica Devia, los Concejales Romina Colombi, Diego Stainnekker, Carlos Mayer, Nicol\u00e1s Garc\u00eda, Noelia Sep\u00falveda, Mayra Sardi, Jorgelina Castronovo, Ricardo Angos, Noem\u00ed C\u00f3rdoba, Marcelo Honcharuk, Santiago Dalmau, Rosario Melluso, Fabiola Acosta Caballero y Mariel Cinirella.&nbsp;&nbsp;<\/p>\n\n\n\n<p>Luego se dio por finalizada la Sesi\u00f3n Especial.<\/p>\n<div class=\"fb-background-color\">\n\t\t\t  <div \n\t\t\t  \tclass = \"fb-comments\" \n\t\t\t  \tdata-href = \"https:\/\/www.elpolitologoyelpolitico.com.ar\/wordpress\/2022\/05\/28\/hcd-patagones-se-llevo-a-cabo-la-primera-sesion-especial-en-villalonga\/\"\n\t\t\t  \tdata-numposts = \"10\"\n\t\t\t  \tdata-lazy = \"true\"\n\t\t\t\tdata-colorscheme = \"light\"\n\t\t\t\tdata-order-by = \"social\"\n\t\t\t\tdata-mobile=true>\n\t\t\t  <\/div><\/div>\n\t\t  <style>\n\t\t    .fb-background-color {\n\t\t\t\tbackground: #ffffff !important;\n\t\t\t}\n\t\t\t.fb_iframe_widget_fluid_desktop iframe {\n\t\t\t    width: 100% !important;\n\t\t\t}\n\t\t  <\/style>\n\t\t  ","protected":false},"excerpt":{"rendered":"<p>En la casa de la Cultura \u201cViejo Hotel de Villalonga\u201d, se realiz\u00f3 la Primera Sesi\u00f3n Especial. Se realiz\u00f3 el izado del pabell\u00f3n nacional en la plazoleta que se encuentra en la Delegaci\u00f3n Municipal, a pocos metros de la Casa de la Cultura. Participaron la Delegada Valeria M\u00e9ndez, el Presidente del HCD, la Secretaria Legislativa y [&hellip;]<\/p>\n","protected":false},"author":4,"featured_media":20830,"comment_status":"closed","ping_status":"closed","sticky":false,"template":"","format":"standard","meta":{"_joinchat":[],"footnotes":""},"categories":[39],"tags":[],"class_list":["post-20829","post","type-post","status-publish","format-standard","has-post-thumbnail","hentry","category-en-esta-seccion"],"_links":{"self":[{"href":"https:\/\/www.elpolitologoyelpolitico.com.ar\/wordpress\/wp-json\/wp\/v2\/posts\/20829","targetHints":{"allow":["GET"]}}],"collection":[{"href":"https:\/\/www.elpolitologoyelpolitico.com.ar\/wordpress\/wp-json\/wp\/v2\/posts"}],"about":[{"href":"https:\/\/www.elpolitologoyelpolitico.com.ar\/wordpress\/wp-json\/wp\/v2\/types\/post"}],"author":[{"embeddable":true,"href":"https:\/\/www.elpolitologoyelpolitico.com.ar\/wordpress\/wp-json\/wp\/v2\/users\/4"}],"replies":[{"embeddable":true,"href":"https:\/\/www.elpolitologoyelpolitico.com.ar\/wordpress\/wp-json\/wp\/v2\/comments?post=20829"}],"version-history":[{"count":0,"href":"https:\/\/www.elpolitologoyelpolitico.com.ar\/wordpress\/wp-json\/wp\/v2\/posts\/20829\/revisions"}],"wp:featuredmedia":[{"embeddable":true,"href":"https:\/\/www.elpolitologoyelpolitico.com.ar\/wordpress\/wp-json\/wp\/v2\/media\/20830"}],"wp:attachment":[{"href":"https:\/\/www.elpolitologoyelpolitico.com.ar\/wordpress\/wp-json\/wp\/v2\/media?parent=20829"}],"wp:term":[{"taxonomy":"category","embeddable":true,"href":"https:\/\/www.elpolitologoyelpolitico.com.ar\/wordpress\/wp-json\/wp\/v2\/categories?post=20829"},{"taxonomy":"post_tag","embeddable":true,"href":"https:\/\/www.elpolitologoyelpolitico.com.ar\/wordpress\/wp-json\/wp\/v2\/tags?post=20829"}],"curies":[{"name":"wp","href":"https:\/\/api.w.org\/{rel}","templated":true}]}}