{"id":20826,"date":"2022-05-28T13:38:40","date_gmt":"2022-05-28T13:38:40","guid":{"rendered":"https:\/\/www.elpolitologoyelpolitico.com.ar\/wordpress\/?p=20826"},"modified":"2022-05-28T13:38:42","modified_gmt":"2022-05-28T13:38:42","slug":"el-consulado-movil-del-paraguay-llega-a-viedma","status":"publish","type":"post","link":"https:\/\/www.elpolitologoyelpolitico.com.ar\/wordpress\/2022\/05\/28\/el-consulado-movil-del-paraguay-llega-a-viedma\/","title":{"rendered":"El Consulado M\u00f3vil del Paraguay llega a Viedma"},"content":{"rendered":"\n<p><\/p>\n\n\n\n<p>En esfuerzo conjunto entre el Consulado General del Paraguay en Buenos Aires, el Municipio de Viedma y el acompa\u00f1amiento de la Regional Buenos Aires del Departamento de Identificaciones Paraguay, se desarrollar\u00e1 el 10 de junio de 2022, una jornada consular dirigida a los paraguayos residentes en dicha ciudad y zonas aleda\u00f1as.&nbsp;<\/p>\n\n\n\n<p><strong>Datos a tener presente:<\/strong><\/p>\n\n\n\n<p>Ciudad de Viedma, R\u00edo Negro.<\/p>\n\n\n\n<p>Fecha: Viernes 10 de junio de 2022<\/p>\n\n\n\n<p>Desde las 09:00 hs.<\/p>\n\n\n\n<p>Lugar: Centro de Atenci\u00f3n Municipal (\u00c1ngel Vargas y Mazzani)<\/p>\n\n\n\n<p>Consultas: 2920-257926, jornadaconsularviedma@gmail.com<\/p>\n\n\n\n<p><strong>Tr\u00e1mites habilitados:<\/strong><\/p>\n\n\n\n<p>\u25cf &nbsp; Solicitud de pasaportes;<\/p>\n\n\n\n<p>\u25cf &nbsp; Certificado de Nacionalidad;<\/p>\n\n\n\n<p>\u25cf Renovaci\u00f3n de c\u00e9dula de identidad;<\/p>\n\n\n\n<p>\u25cf Solicitud de antecedentes policiales para tr\u00e1mites migratorios;<\/p>\n\n\n\n<p>\u25cf Visado de certificado de nacimiento para tr\u00e1mites migratorios;<\/p>\n\n\n\n<p>\u25cf Asesoramiento sobre otros tr\u00e1mites consulares.<\/p>\n\n\n\n<p>Desde&nbsp; el consulado del Paraguay, destacan la cooperaci\u00f3n del Municipio de Viedma, instituci\u00f3n que se encuentra trabajando en todos los aspectos preparatorios para la llegada del Consulado General a esa ciudad.<\/p>\n\n\n\n<p>La realizaci\u00f3n de estas jornadas m\u00f3viles constituyen un pilar fundamental de la gesti\u00f3n del Consulado General del Paraguay en Buenos Aires, pues de esa manera, se garantiza el acceso a los servicios consulares a los paraguayos que residen a largas distancia de la sede consular, ubicada en la capital federal de la Rep\u00fablica Argentina.<\/p>\n<div class=\"fb-background-color\">\n\t\t\t  <div \n\t\t\t  \tclass = \"fb-comments\" \n\t\t\t  \tdata-href = \"https:\/\/www.elpolitologoyelpolitico.com.ar\/wordpress\/2022\/05\/28\/el-consulado-movil-del-paraguay-llega-a-viedma\/\"\n\t\t\t  \tdata-numposts = \"10\"\n\t\t\t  \tdata-lazy = \"true\"\n\t\t\t\tdata-colorscheme = \"light\"\n\t\t\t\tdata-order-by = \"social\"\n\t\t\t\tdata-mobile=true>\n\t\t\t  <\/div><\/div>\n\t\t  <style>\n\t\t    .fb-background-color {\n\t\t\t\tbackground: #ffffff !important;\n\t\t\t}\n\t\t\t.fb_iframe_widget_fluid_desktop iframe {\n\t\t\t    width: 100% !important;\n\t\t\t}\n\t\t  <\/style>\n\t\t  ","protected":false},"excerpt":{"rendered":"<p>En esfuerzo conjunto entre el Consulado General del Paraguay en Buenos Aires, el Municipio de Viedma y el acompa\u00f1amiento de la Regional Buenos Aires del Departamento de Identificaciones Paraguay, se desarrollar\u00e1 el 10 de junio de 2022, una jornada consular dirigida a los paraguayos residentes en dicha ciudad y zonas aleda\u00f1as.&nbsp; Datos a tener presente: [&hellip;]<\/p>\n","protected":false},"author":4,"featured_media":20827,"comment_status":"closed","ping_status":"closed","sticky":false,"template":"","format":"standard","meta":{"_joinchat":[],"footnotes":""},"categories":[39],"tags":[],"class_list":["post-20826","post","type-post","status-publish","format-standard","has-post-thumbnail","hentry","category-en-esta-seccion"],"_links":{"self":[{"href":"https:\/\/www.elpolitologoyelpolitico.com.ar\/wordpress\/wp-json\/wp\/v2\/posts\/20826","targetHints":{"allow":["GET"]}}],"collection":[{"href":"https:\/\/www.elpolitologoyelpolitico.com.ar\/wordpress\/wp-json\/wp\/v2\/posts"}],"about":[{"href":"https:\/\/www.elpolitologoyelpolitico.com.ar\/wordpress\/wp-json\/wp\/v2\/types\/post"}],"author":[{"embeddable":true,"href":"https:\/\/www.elpolitologoyelpolitico.com.ar\/wordpress\/wp-json\/wp\/v2\/users\/4"}],"replies":[{"embeddable":true,"href":"https:\/\/www.elpolitologoyelpolitico.com.ar\/wordpress\/wp-json\/wp\/v2\/comments?post=20826"}],"version-history":[{"count":0,"href":"https:\/\/www.elpolitologoyelpolitico.com.ar\/wordpress\/wp-json\/wp\/v2\/posts\/20826\/revisions"}],"wp:featuredmedia":[{"embeddable":true,"href":"https:\/\/www.elpolitologoyelpolitico.com.ar\/wordpress\/wp-json\/wp\/v2\/media\/20827"}],"wp:attachment":[{"href":"https:\/\/www.elpolitologoyelpolitico.com.ar\/wordpress\/wp-json\/wp\/v2\/media?parent=20826"}],"wp:term":[{"taxonomy":"category","embeddable":true,"href":"https:\/\/www.elpolitologoyelpolitico.com.ar\/wordpress\/wp-json\/wp\/v2\/categories?post=20826"},{"taxonomy":"post_tag","embeddable":true,"href":"https:\/\/www.elpolitologoyelpolitico.com.ar\/wordpress\/wp-json\/wp\/v2\/tags?post=20826"}],"curies":[{"name":"wp","href":"https:\/\/api.w.org\/{rel}","templated":true}]}}