{"id":20823,"date":"2022-05-28T13:29:43","date_gmt":"2022-05-28T13:29:43","guid":{"rendered":"https:\/\/www.elpolitologoyelpolitico.com.ar\/wordpress\/?p=20823"},"modified":"2022-05-28T13:29:44","modified_gmt":"2022-05-28T13:29:44","slug":"viedma-ate-pide-urgente-reunion-con-el-nuevo-ministro-de-educacion","status":"publish","type":"post","link":"https:\/\/www.elpolitologoyelpolitico.com.ar\/wordpress\/2022\/05\/28\/viedma-ate-pide-urgente-reunion-con-el-nuevo-ministro-de-educacion\/","title":{"rendered":"VIEDMA| ATE pide urgente reuni\u00f3n con el nuevo Ministro de Educaci\u00f3n"},"content":{"rendered":"\n<p><\/p>\n\n\n\n<p>La Asociaci\u00f3n Trabajadores del Estado (ATE) anticip\u00f3 que busca reunirse con el flamante ministro de Educaci\u00f3n Pablo N\u00fa\u00f1ez apenas \u00e9ste haya asumido, con una agenda de temas enmarcada en reclamos hasta ahora no atendidos.<\/p>\n\n\n\n<p>El gremio los dej\u00f3 asentados durante las paritarias y las medidas de fuerza adoptadas en las semanas previas, y van desde la jerarquizaci\u00f3n salarial de los trabajadores no docentes, el mejoramiento de las condiciones de trabajo,&nbsp; hasta la regularizaci\u00f3n de&nbsp; todos los porteros precarizados.&nbsp;<\/p>\n\n\n\n<p>ATE denunci\u00f3 que 700 trabajadores del ministerio cobran bajo la modalidad \u201choras c\u00e1tedra\u201d, monotributo, PRIL (Programa de Inclusi\u00f3n Laboral) y subsidios. Este n\u00famero, extendido a otros ministerios, alcanzar\u00eda a 2000 agentes.<\/p>\n\n\n\n<p>El gremio demanda adem\u00e1s el pago de movilidad, aumento y regularizaci\u00f3n del valor de horas suplementarias y el pago inmediato y con el sueldo de horas extras, entre otros puntos.<\/p>\n<div class=\"fb-background-color\">\n\t\t\t  <div \n\t\t\t  \tclass = \"fb-comments\" \n\t\t\t  \tdata-href = \"https:\/\/www.elpolitologoyelpolitico.com.ar\/wordpress\/2022\/05\/28\/viedma-ate-pide-urgente-reunion-con-el-nuevo-ministro-de-educacion\/\"\n\t\t\t  \tdata-numposts = \"10\"\n\t\t\t  \tdata-lazy = \"true\"\n\t\t\t\tdata-colorscheme = \"light\"\n\t\t\t\tdata-order-by = \"social\"\n\t\t\t\tdata-mobile=true>\n\t\t\t  <\/div><\/div>\n\t\t  <style>\n\t\t    .fb-background-color {\n\t\t\t\tbackground: #ffffff !important;\n\t\t\t}\n\t\t\t.fb_iframe_widget_fluid_desktop iframe {\n\t\t\t    width: 100% !important;\n\t\t\t}\n\t\t  <\/style>\n\t\t  ","protected":false},"excerpt":{"rendered":"<p>La Asociaci\u00f3n Trabajadores del Estado (ATE) anticip\u00f3 que busca reunirse con el flamante ministro de Educaci\u00f3n Pablo N\u00fa\u00f1ez apenas \u00e9ste haya asumido, con una agenda de temas enmarcada en reclamos hasta ahora no atendidos. El gremio los dej\u00f3 asentados durante las paritarias y las medidas de fuerza adoptadas en las semanas previas, y van desde [&hellip;]<\/p>\n","protected":false},"author":4,"featured_media":20824,"comment_status":"closed","ping_status":"closed","sticky":false,"template":"","format":"standard","meta":{"_joinchat":[],"footnotes":""},"categories":[39],"tags":[],"class_list":["post-20823","post","type-post","status-publish","format-standard","has-post-thumbnail","hentry","category-en-esta-seccion"],"_links":{"self":[{"href":"https:\/\/www.elpolitologoyelpolitico.com.ar\/wordpress\/wp-json\/wp\/v2\/posts\/20823","targetHints":{"allow":["GET"]}}],"collection":[{"href":"https:\/\/www.elpolitologoyelpolitico.com.ar\/wordpress\/wp-json\/wp\/v2\/posts"}],"about":[{"href":"https:\/\/www.elpolitologoyelpolitico.com.ar\/wordpress\/wp-json\/wp\/v2\/types\/post"}],"author":[{"embeddable":true,"href":"https:\/\/www.elpolitologoyelpolitico.com.ar\/wordpress\/wp-json\/wp\/v2\/users\/4"}],"replies":[{"embeddable":true,"href":"https:\/\/www.elpolitologoyelpolitico.com.ar\/wordpress\/wp-json\/wp\/v2\/comments?post=20823"}],"version-history":[{"count":0,"href":"https:\/\/www.elpolitologoyelpolitico.com.ar\/wordpress\/wp-json\/wp\/v2\/posts\/20823\/revisions"}],"wp:featuredmedia":[{"embeddable":true,"href":"https:\/\/www.elpolitologoyelpolitico.com.ar\/wordpress\/wp-json\/wp\/v2\/media\/20824"}],"wp:attachment":[{"href":"https:\/\/www.elpolitologoyelpolitico.com.ar\/wordpress\/wp-json\/wp\/v2\/media?parent=20823"}],"wp:term":[{"taxonomy":"category","embeddable":true,"href":"https:\/\/www.elpolitologoyelpolitico.com.ar\/wordpress\/wp-json\/wp\/v2\/categories?post=20823"},{"taxonomy":"post_tag","embeddable":true,"href":"https:\/\/www.elpolitologoyelpolitico.com.ar\/wordpress\/wp-json\/wp\/v2\/tags?post=20823"}],"curies":[{"name":"wp","href":"https:\/\/api.w.org\/{rel}","templated":true}]}}