{"id":20813,"date":"2022-05-28T02:35:03","date_gmt":"2022-05-28T02:35:03","guid":{"rendered":"https:\/\/www.elpolitologoyelpolitico.com.ar\/wordpress\/?p=20813"},"modified":"2022-05-28T02:35:05","modified_gmt":"2022-05-28T02:35:05","slug":"martin-neri-y-fer-cuello-presentan-dos-orillas-una-cancion-en-el-centro-cultural","status":"publish","type":"post","link":"https:\/\/www.elpolitologoyelpolitico.com.ar\/wordpress\/2022\/05\/28\/martin-neri-y-fer-cuello-presentan-dos-orillas-una-cancion-en-el-centro-cultural\/","title":{"rendered":"Martin Neri y Fer Cuello presentan \u201cDos Orillas, una canci\u00f3n\u201d en el Centro Cultural"},"content":{"rendered":"\n<p><\/p>\n\n\n\n<p>El viernes 3 de junio, a las 21, en el Centro Municipal de Cultura los compositores Mart\u00edn Neri (Rosario) y Fer Cuello (Uruguay) presentan el espect\u00e1culo musical Dos Orillas, Una Canci\u00f3n.<\/p>\n\n\n\n<p>En este concierto hilan la trama de su relato en torno a sus contextos geo-sonoros y a su forma de mirar el mundo: el r\u00edo, el viento del sur, historias que traen historias. Arriba y abajo del escenario. Adentro y afuera de la canci\u00f3n.<\/p>\n\n\n\n<p>Esta propuesta es una producci\u00f3n de Lupa Productora y cuenta con el apoyo del Ministerio de Cultura de la Naci\u00f3n y el Mercado de Industrias Culturales Argentinas (MICA).<\/p>\n\n\n\n<p>Las entradas pueden adquirirse anticipadas en el minimercado de la estaci\u00f3n de servicio de Zatti y Pampa y por venta en boleter\u00eda el d\u00eda del concierto.<\/p>\n\n\n\n<p><strong>MART\u00cdN NERI<\/strong><\/p>\n\n\n\n<p>Guitarrista, compositor e int\u00e9rprete argentino. Se vincula con la canci\u00f3n a trav\u00e9s de su trabajo como arreglador de obras propias y de otros autores y compositores argentinos. Fue guitarrista durante 5 a\u00f1os del \u00abD\u00fao Salte\u00f1o\u00bb, proyecto que lo ha llevado a diferentes escenarios nacionales e internacionales. En 2015 edita y presenta su producci\u00f3n discogr\u00e1fica \u00abMATRIZ DEL AGUA\u201d. Cre\u00f3 la m\u00fasica original para el disco de poemas \u201cMANADA\u201d, junto al poeta Leopoldo \u201cTeuco\u201d Castilla. Al mismo tiempo que se viene presentando, junto al poeta riojano, Ramiro Gonz\u00e1lez, con la obra po\u00e9tico-musical \u201cDE UN MISMO BARRO\u201d.En diciembre de 2020, produce con Popi Spatocco, la canci\u00f3n que dio nombre a la obra, De un mismo barro, interpret\u00e1ndola junto a los artistas Silvio Rodriguez, Teresa Parodi, Chango Spasiuk, Trueno, Ramiro Gonz\u00e1lez y la Orquesta Sinf\u00f3nica Provincial de Rosario. En septiembre de 2021 estren\u00f3 \u201cENCIERRO\u201d, un single como primer cap\u00edtulo del \u00e1lbum hom\u00f3nimo que se conoci\u00f3 en octubre del mismo a\u00f1o.<\/p>\n\n\n\n<p><strong>FER CUELLO<\/strong><\/p>\n\n\n\n<p>Compositor, arreglador, guitarrista y cantautor uruguayo radicado desde el a\u00f1o 2009 en la ciudad de Bah\u00eda Blanca. Ha recorrido un sinf\u00edn de escenarios desde los 16 a\u00f1os. Su inquietud musical y la cercan\u00eda geogr\u00e1fica con el candombe y la murga hicieron que este autor de ra\u00edz folcl\u00f3rica se volcara a empaparse de estos g\u00e9neros desde adentro. Entre el 2003 y el 2009 particip\u00f3 en diferentes conjuntos del Carnaval del Uruguay.<\/p>\n\n\n\n<p>Dentro del mismo y mediante su pluma, Fernando consigui\u00f3 ingresar varias murgas del carnaval mayor, cuentos como \u00abLa Platense\u00bb y \u00abLa gran Mu\u00f1eca\u00bb. Junto a esta \u00faltima particip\u00f3 de gran parte de la creaci\u00f3n del espect\u00e1culo \u00abATRAPADOS.<\/p>\n\n\n\n<p>Cuello apuntal\u00f3 con su obra al m\u00edtico conjunto Los 8 de Momo. En el a\u00f1o 2012 saca su segundo disco \u00abCosas de Vos\u00bb editado por el sello Suns Records. En el a\u00f1o 2018 publica su tercer disco \u00abMonda,\u00bb con un repertorio que transita ritmos del agua y la tierra: milonga, candombe, candombeado y aires de ritmos litorale\u00f1os.<\/p>\n\n\n\n<p>Actualmente compone, junto a Agust\u00edn \u00abSoy Rada\u00bb Aristaran, canciones para un futuro trabajo discogr\u00e1fico de la banda Soy Rada &amp; The Colibriquis.<\/p>\n\n\n\n<p>En Octubre de 2021 present\u00f3 un ensayo musical audiovisual denominado Fer Cuello MONDO, incluyendo cortes de su pr\u00f3xima discoteca.<\/p>\n<div class=\"fb-background-color\">\n\t\t\t  <div \n\t\t\t  \tclass = \"fb-comments\" \n\t\t\t  \tdata-href = \"https:\/\/www.elpolitologoyelpolitico.com.ar\/wordpress\/2022\/05\/28\/martin-neri-y-fer-cuello-presentan-dos-orillas-una-cancion-en-el-centro-cultural\/\"\n\t\t\t  \tdata-numposts = \"10\"\n\t\t\t  \tdata-lazy = \"true\"\n\t\t\t\tdata-colorscheme = \"light\"\n\t\t\t\tdata-order-by = \"social\"\n\t\t\t\tdata-mobile=true>\n\t\t\t  <\/div><\/div>\n\t\t  <style>\n\t\t    .fb-background-color {\n\t\t\t\tbackground: #ffffff !important;\n\t\t\t}\n\t\t\t.fb_iframe_widget_fluid_desktop iframe {\n\t\t\t    width: 100% !important;\n\t\t\t}\n\t\t  <\/style>\n\t\t  ","protected":false},"excerpt":{"rendered":"<p>El viernes 3 de junio, a las 21, en el Centro Municipal de Cultura los compositores Mart\u00edn Neri (Rosario) y Fer Cuello (Uruguay) presentan el espect\u00e1culo musical Dos Orillas, Una Canci\u00f3n. En este concierto hilan la trama de su relato en torno a sus contextos geo-sonoros y a su forma de mirar el mundo: el [&hellip;]<\/p>\n","protected":false},"author":4,"featured_media":20814,"comment_status":"closed","ping_status":"closed","sticky":false,"template":"","format":"standard","meta":{"_joinchat":[],"footnotes":""},"categories":[39],"tags":[],"class_list":["post-20813","post","type-post","status-publish","format-standard","has-post-thumbnail","hentry","category-en-esta-seccion"],"_links":{"self":[{"href":"https:\/\/www.elpolitologoyelpolitico.com.ar\/wordpress\/wp-json\/wp\/v2\/posts\/20813","targetHints":{"allow":["GET"]}}],"collection":[{"href":"https:\/\/www.elpolitologoyelpolitico.com.ar\/wordpress\/wp-json\/wp\/v2\/posts"}],"about":[{"href":"https:\/\/www.elpolitologoyelpolitico.com.ar\/wordpress\/wp-json\/wp\/v2\/types\/post"}],"author":[{"embeddable":true,"href":"https:\/\/www.elpolitologoyelpolitico.com.ar\/wordpress\/wp-json\/wp\/v2\/users\/4"}],"replies":[{"embeddable":true,"href":"https:\/\/www.elpolitologoyelpolitico.com.ar\/wordpress\/wp-json\/wp\/v2\/comments?post=20813"}],"version-history":[{"count":0,"href":"https:\/\/www.elpolitologoyelpolitico.com.ar\/wordpress\/wp-json\/wp\/v2\/posts\/20813\/revisions"}],"wp:featuredmedia":[{"embeddable":true,"href":"https:\/\/www.elpolitologoyelpolitico.com.ar\/wordpress\/wp-json\/wp\/v2\/media\/20814"}],"wp:attachment":[{"href":"https:\/\/www.elpolitologoyelpolitico.com.ar\/wordpress\/wp-json\/wp\/v2\/media?parent=20813"}],"wp:term":[{"taxonomy":"category","embeddable":true,"href":"https:\/\/www.elpolitologoyelpolitico.com.ar\/wordpress\/wp-json\/wp\/v2\/categories?post=20813"},{"taxonomy":"post_tag","embeddable":true,"href":"https:\/\/www.elpolitologoyelpolitico.com.ar\/wordpress\/wp-json\/wp\/v2\/tags?post=20813"}],"curies":[{"name":"wp","href":"https:\/\/api.w.org\/{rel}","templated":true}]}}