{"id":20805,"date":"2022-05-27T23:18:44","date_gmt":"2022-05-27T23:18:44","guid":{"rendered":"https:\/\/www.elpolitologoyelpolitico.com.ar\/wordpress\/?p=20805"},"modified":"2022-05-27T23:18:46","modified_gmt":"2022-05-27T23:18:46","slug":"llega-al-centro-municipal-de-cultura-u27-una-tragedia-radial","status":"publish","type":"post","link":"https:\/\/www.elpolitologoyelpolitico.com.ar\/wordpress\/2022\/05\/27\/llega-al-centro-municipal-de-cultura-u27-una-tragedia-radial\/","title":{"rendered":"Llega al Centro Municipal de cultura U27, una tragedia radial"},"content":{"rendered":"\n<p><\/p>\n\n\n\n<p>Con funciones gratuitas para colegios y p\u00fablico en general, y en tres turnos, ma\u00f1ana, tarde y noche el viernes 27, el s\u00e1bado 28 y del 30 al 2 de junio, se presentar\u00e1 la obra teatral U27, una tragedia radial.<\/p>\n\n\n\n<p>Esta obra de teatro, ha sido seleccionada como beneficiaria por el proyecto IMPULSAR II del Ministerio de Cultura de Naci\u00f3n, para realizar seis funciones en la sala Auditorio del Centro Municipal de Cultura de Viedma.<\/p>\n\n\n\n<p>Las funciones se brindaran el viernes 27 de mayo a las 15.30h (colegios), el s\u00e1bado 28 de mayo a las 21 h (p\u00fablico general), el lunes 30 de mayo a las 10h (colegios ), el martes 31 de mayo a las 20h (colegios), el mi\u00e9rcoles 1 de junio a las 15.30h (colegios ) y el jueves 2 de junio las 10h (colegios).<\/p>\n\n\n\n<p>Dicha obra est\u00e1 destinada a estudiantes de nivel medio y nivel superior, siendo las funciones gratuitas para las instituciones educativas, que ser\u00e1n previamente invitadas.<\/p>\n\n\n\n<p>Luego de presenciar la obra U-27, adaptaci\u00f3n libremente inspirada en 1984 de George Orwell, de una hora de duraci\u00f3n, invitamos a un debate de 40 minutos sobre los ejes tem\u00e1ticos que se plantean.<\/p>\n\n\n\n<p>Al finalizar se entregar\u00e1 un material did\u00e1ctico elaborado por el departamento de educaci\u00f3n del Museo de la Memoria de la Naci\u00f3n (ex ESMA), para trabajar en las aulas. Esta obra ha sido declarada de inter\u00e9s educativo y cultural por la Legislatura de la Provincia de R\u00edo Negro y declarada de inter\u00e9s social por el Ministerio de Derechos Humanos de la Naci\u00f3n Argentina.<\/p>\n\n\n\n<p>Corre el 2050, la guerra finalmente acab\u00f3 con buena parte de la humanidad. El ojo buch\u00f3n del mundo vigila los destinos de una poblaci\u00f3n disgregada y hambrienta y en el coraz\u00f3n de una s\u00f3rdida ruta patag\u00f3nica; emite se\u00f1al la U-27. Tres sujetos coinciden en el b\u00fanker radial, entre ellos no hay santos ni h\u00e9roes, s\u00f3lo distintos modos de estar en el mundo. Un domin\u00f3 de situaciones enfrenta a los seres a una convivencia obligada y tragic\u00f3mica.<\/p>\n<div class=\"fb-background-color\">\n\t\t\t  <div \n\t\t\t  \tclass = \"fb-comments\" \n\t\t\t  \tdata-href = \"https:\/\/www.elpolitologoyelpolitico.com.ar\/wordpress\/2022\/05\/27\/llega-al-centro-municipal-de-cultura-u27-una-tragedia-radial\/\"\n\t\t\t  \tdata-numposts = \"10\"\n\t\t\t  \tdata-lazy = \"true\"\n\t\t\t\tdata-colorscheme = \"light\"\n\t\t\t\tdata-order-by = \"social\"\n\t\t\t\tdata-mobile=true>\n\t\t\t  <\/div><\/div>\n\t\t  <style>\n\t\t    .fb-background-color {\n\t\t\t\tbackground: #ffffff !important;\n\t\t\t}\n\t\t\t.fb_iframe_widget_fluid_desktop iframe {\n\t\t\t    width: 100% !important;\n\t\t\t}\n\t\t  <\/style>\n\t\t  ","protected":false},"excerpt":{"rendered":"<p>Con funciones gratuitas para colegios y p\u00fablico en general, y en tres turnos, ma\u00f1ana, tarde y noche el viernes 27, el s\u00e1bado 28 y del 30 al 2 de junio, se presentar\u00e1 la obra teatral U27, una tragedia radial. Esta obra de teatro, ha sido seleccionada como beneficiaria por el proyecto IMPULSAR II del Ministerio [&hellip;]<\/p>\n","protected":false},"author":4,"featured_media":20806,"comment_status":"closed","ping_status":"closed","sticky":false,"template":"","format":"standard","meta":{"_joinchat":[],"footnotes":""},"categories":[39],"tags":[],"class_list":["post-20805","post","type-post","status-publish","format-standard","has-post-thumbnail","hentry","category-en-esta-seccion"],"_links":{"self":[{"href":"https:\/\/www.elpolitologoyelpolitico.com.ar\/wordpress\/wp-json\/wp\/v2\/posts\/20805","targetHints":{"allow":["GET"]}}],"collection":[{"href":"https:\/\/www.elpolitologoyelpolitico.com.ar\/wordpress\/wp-json\/wp\/v2\/posts"}],"about":[{"href":"https:\/\/www.elpolitologoyelpolitico.com.ar\/wordpress\/wp-json\/wp\/v2\/types\/post"}],"author":[{"embeddable":true,"href":"https:\/\/www.elpolitologoyelpolitico.com.ar\/wordpress\/wp-json\/wp\/v2\/users\/4"}],"replies":[{"embeddable":true,"href":"https:\/\/www.elpolitologoyelpolitico.com.ar\/wordpress\/wp-json\/wp\/v2\/comments?post=20805"}],"version-history":[{"count":0,"href":"https:\/\/www.elpolitologoyelpolitico.com.ar\/wordpress\/wp-json\/wp\/v2\/posts\/20805\/revisions"}],"wp:featuredmedia":[{"embeddable":true,"href":"https:\/\/www.elpolitologoyelpolitico.com.ar\/wordpress\/wp-json\/wp\/v2\/media\/20806"}],"wp:attachment":[{"href":"https:\/\/www.elpolitologoyelpolitico.com.ar\/wordpress\/wp-json\/wp\/v2\/media?parent=20805"}],"wp:term":[{"taxonomy":"category","embeddable":true,"href":"https:\/\/www.elpolitologoyelpolitico.com.ar\/wordpress\/wp-json\/wp\/v2\/categories?post=20805"},{"taxonomy":"post_tag","embeddable":true,"href":"https:\/\/www.elpolitologoyelpolitico.com.ar\/wordpress\/wp-json\/wp\/v2\/tags?post=20805"}],"curies":[{"name":"wp","href":"https:\/\/api.w.org\/{rel}","templated":true}]}}