{"id":20781,"date":"2022-05-27T02:20:28","date_gmt":"2022-05-27T02:20:28","guid":{"rendered":"https:\/\/www.elpolitologoyelpolitico.com.ar\/wordpress\/?p=20781"},"modified":"2022-05-27T02:20:30","modified_gmt":"2022-05-27T02:20:30","slug":"manana-sesiona-el-concejo-deliberante-en-villalonga","status":"publish","type":"post","link":"https:\/\/www.elpolitologoyelpolitico.com.ar\/wordpress\/2022\/05\/27\/manana-sesiona-el-concejo-deliberante-en-villalonga\/","title":{"rendered":"Ma\u00f1ana sesiona el Concejo Deliberante en Villalonga"},"content":{"rendered":"\n<p><\/p>\n\n\n\n<p>Este Viernes sesionar\u00e1 el Honorable Concejo Deliberante de Patagones, desde las 9.30 horas desde la ciudad de Villalonga, en las instalaciones de la Casa de la Cultura \u201cViejo Hotel\u201d.&nbsp;&nbsp;&nbsp;&nbsp;<\/p>\n\n\n\n<p>Ser\u00e1 la 1ra Sesi\u00f3n Especial y a las 10 horas se desarrollar\u00e1 la 7ma Sesi\u00f3n Ordinaria,&nbsp; Per\u00edodo 2022.<\/p>\n\n\n\n<p>Las mismas se podr\u00e1n seguir por streaming a trav\u00e9s de la pagina del HCD <a href=\"https:\/\/web.hcdpatagones.gob.ar\">https:\/\/web.hcdpatagones.gob.ar<\/a><\/p>\n<div class=\"fb-background-color\">\n\t\t\t  <div \n\t\t\t  \tclass = \"fb-comments\" \n\t\t\t  \tdata-href = \"https:\/\/www.elpolitologoyelpolitico.com.ar\/wordpress\/2022\/05\/27\/manana-sesiona-el-concejo-deliberante-en-villalonga\/\"\n\t\t\t  \tdata-numposts = \"10\"\n\t\t\t  \tdata-lazy = \"true\"\n\t\t\t\tdata-colorscheme = \"light\"\n\t\t\t\tdata-order-by = \"social\"\n\t\t\t\tdata-mobile=true>\n\t\t\t  <\/div><\/div>\n\t\t  <style>\n\t\t    .fb-background-color {\n\t\t\t\tbackground: #ffffff !important;\n\t\t\t}\n\t\t\t.fb_iframe_widget_fluid_desktop iframe {\n\t\t\t    width: 100% !important;\n\t\t\t}\n\t\t  <\/style>\n\t\t  ","protected":false},"excerpt":{"rendered":"<p>Este Viernes sesionar\u00e1 el Honorable Concejo Deliberante de Patagones, desde las 9.30 horas desde la ciudad de Villalonga, en las instalaciones de la Casa de la Cultura \u201cViejo Hotel\u201d.&nbsp;&nbsp;&nbsp;&nbsp; Ser\u00e1 la 1ra Sesi\u00f3n Especial y a las 10 horas se desarrollar\u00e1 la 7ma Sesi\u00f3n Ordinaria,&nbsp; Per\u00edodo 2022. Las mismas se podr\u00e1n seguir por streaming a [&hellip;]<\/p>\n","protected":false},"author":4,"featured_media":20782,"comment_status":"closed","ping_status":"closed","sticky":false,"template":"","format":"standard","meta":{"_joinchat":[],"footnotes":""},"categories":[39],"tags":[],"class_list":["post-20781","post","type-post","status-publish","format-standard","has-post-thumbnail","hentry","category-en-esta-seccion"],"_links":{"self":[{"href":"https:\/\/www.elpolitologoyelpolitico.com.ar\/wordpress\/wp-json\/wp\/v2\/posts\/20781","targetHints":{"allow":["GET"]}}],"collection":[{"href":"https:\/\/www.elpolitologoyelpolitico.com.ar\/wordpress\/wp-json\/wp\/v2\/posts"}],"about":[{"href":"https:\/\/www.elpolitologoyelpolitico.com.ar\/wordpress\/wp-json\/wp\/v2\/types\/post"}],"author":[{"embeddable":true,"href":"https:\/\/www.elpolitologoyelpolitico.com.ar\/wordpress\/wp-json\/wp\/v2\/users\/4"}],"replies":[{"embeddable":true,"href":"https:\/\/www.elpolitologoyelpolitico.com.ar\/wordpress\/wp-json\/wp\/v2\/comments?post=20781"}],"version-history":[{"count":0,"href":"https:\/\/www.elpolitologoyelpolitico.com.ar\/wordpress\/wp-json\/wp\/v2\/posts\/20781\/revisions"}],"wp:featuredmedia":[{"embeddable":true,"href":"https:\/\/www.elpolitologoyelpolitico.com.ar\/wordpress\/wp-json\/wp\/v2\/media\/20782"}],"wp:attachment":[{"href":"https:\/\/www.elpolitologoyelpolitico.com.ar\/wordpress\/wp-json\/wp\/v2\/media?parent=20781"}],"wp:term":[{"taxonomy":"category","embeddable":true,"href":"https:\/\/www.elpolitologoyelpolitico.com.ar\/wordpress\/wp-json\/wp\/v2\/categories?post=20781"},{"taxonomy":"post_tag","embeddable":true,"href":"https:\/\/www.elpolitologoyelpolitico.com.ar\/wordpress\/wp-json\/wp\/v2\/tags?post=20781"}],"curies":[{"name":"wp","href":"https:\/\/api.w.org\/{rel}","templated":true}]}}