{"id":20762,"date":"2022-05-26T23:20:27","date_gmt":"2022-05-26T23:20:27","guid":{"rendered":"https:\/\/www.elpolitologoyelpolitico.com.ar\/wordpress\/?p=20762"},"modified":"2022-05-26T23:20:28","modified_gmt":"2022-05-26T23:20:28","slug":"el-cine-movil-de-la-10-d-estuvo-por-los-barrios","status":"publish","type":"post","link":"https:\/\/www.elpolitologoyelpolitico.com.ar\/wordpress\/2022\/05\/26\/el-cine-movil-de-la-10-d-estuvo-por-los-barrios\/","title":{"rendered":"EL CINE M\u00d3VIL DE LA 10 &#8211; D ESTUVO POR LOS BARRIOS"},"content":{"rendered":"\n<p><\/p>\n\n\n\n<p>Esta semana el cine m\u00f3vil gratuito y para toda la familia de la Asociaci\u00f3n 10 de Diciembre, estuvo en dos barrios de nuestra Ciudad.<\/p>\n\n\n\n<p>El d\u00eda s\u00e1bado 21 el cine se present\u00f3 con la pel\u00edcula infantil \u201cRED\u201d en la Junta Vecinal de barrio Sargento Cabral donde se congregaron un centenar de vecinos y vecinas, que ademas compartieron chocolate, torta fritas, golosinas y hubo sorteos juguetes donados por \u201cel Hospital de Juguetes\u201d<\/p>\n\n\n\n<p>El feriado 25 de Mayo el cine m\u00f3vil particip\u00f3 de forma conjunta en un evento comunitario organizado por el Club \u201cLa Esquina\u201d en la sede de la Junta Vecinal del barrio \u201cMi Bandera\u201d, donde tambi\u00e9n se realizaron cortes de pelo gratis, se comparti\u00f3 pocholos y gaseosas para ver la pel\u00edcula \u201cLa era de hielo, las aventura de Buck\u201d&nbsp;<\/p>\n\n\n\n<p>Mario Bustamante referente de la agrupaci\u00f3n 10 de Diciembre manifest\u00f3 \u201cEn cada lugar que estamos, es una oportunidad de poder escuchar tambi\u00e9n las necesidades reales de los vecinos y vecinas.\u201d&nbsp;<\/p>\n\n\n\n<p>\u201cEstamos contentos porque las instituciones como juntas vecinales, escuelas y clubes nos abren sus puertas y sus corazones, aunque no lo crean hay ni\u00f1os y ni\u00f1as de nuestra ciudad que no conocen el cine.\u201d sostuvo Bustamante&nbsp;<\/p>\n\n\n\n<p>Bustamante finaliz\u00f3 diciendo \u201cel Cine M\u00f3vil para nosotros no es una una actividad m\u00e1s, sino que nos permite llegar a los sectores que no tienen acceso a estas actividades por cuestiones econ\u00f3micas o por distancia, que adem\u00e1s cada encuentro va acompa\u00f1ado de un refrigerio, golosinas o chocolate.\u201d<\/p>\n\n\n\n<figure class=\"wp-block-image size-large\"><img fetchpriority=\"high\" decoding=\"async\" width=\"1024\" height=\"768\" src=\"https:\/\/www.elpolitologoyelpolitico.com.ar\/wp-content\/uploads\/2022\/05\/IMG-20220526-WA0063-1024x768.jpg\" alt=\"\" class=\"wp-image-20764\" srcset=\"https:\/\/www.elpolitologoyelpolitico.com.ar\/wp-content\/uploads\/2022\/05\/IMG-20220526-WA0063-1024x768.jpg 1024w, https:\/\/www.elpolitologoyelpolitico.com.ar\/wp-content\/uploads\/2022\/05\/IMG-20220526-WA0063-300x225.jpg 300w, https:\/\/www.elpolitologoyelpolitico.com.ar\/wp-content\/uploads\/2022\/05\/IMG-20220526-WA0063-768x576.jpg 768w, https:\/\/www.elpolitologoyelpolitico.com.ar\/wp-content\/uploads\/2022\/05\/IMG-20220526-WA0063.jpg 1040w\" sizes=\"(max-width: 1024px) 100vw, 1024px\" \/><\/figure>\n\n\n\n<p><\/p>\n<div class=\"fb-background-color\">\n\t\t\t  <div \n\t\t\t  \tclass = \"fb-comments\" \n\t\t\t  \tdata-href = \"https:\/\/www.elpolitologoyelpolitico.com.ar\/wordpress\/2022\/05\/26\/el-cine-movil-de-la-10-d-estuvo-por-los-barrios\/\"\n\t\t\t  \tdata-numposts = \"10\"\n\t\t\t  \tdata-lazy = \"true\"\n\t\t\t\tdata-colorscheme = \"light\"\n\t\t\t\tdata-order-by = \"social\"\n\t\t\t\tdata-mobile=true>\n\t\t\t  <\/div><\/div>\n\t\t  <style>\n\t\t    .fb-background-color {\n\t\t\t\tbackground: #ffffff !important;\n\t\t\t}\n\t\t\t.fb_iframe_widget_fluid_desktop iframe {\n\t\t\t    width: 100% !important;\n\t\t\t}\n\t\t  <\/style>\n\t\t  ","protected":false},"excerpt":{"rendered":"<p>Esta semana el cine m\u00f3vil gratuito y para toda la familia de la Asociaci\u00f3n 10 de Diciembre, estuvo en dos barrios de nuestra Ciudad. El d\u00eda s\u00e1bado 21 el cine se present\u00f3 con la pel\u00edcula infantil \u201cRED\u201d en la Junta Vecinal de barrio Sargento Cabral donde se congregaron un centenar de vecinos y vecinas, que [&hellip;]<\/p>\n","protected":false},"author":4,"featured_media":20763,"comment_status":"closed","ping_status":"closed","sticky":false,"template":"","format":"standard","meta":{"_joinchat":[],"footnotes":""},"categories":[39],"tags":[],"class_list":["post-20762","post","type-post","status-publish","format-standard","has-post-thumbnail","hentry","category-en-esta-seccion"],"_links":{"self":[{"href":"https:\/\/www.elpolitologoyelpolitico.com.ar\/wordpress\/wp-json\/wp\/v2\/posts\/20762","targetHints":{"allow":["GET"]}}],"collection":[{"href":"https:\/\/www.elpolitologoyelpolitico.com.ar\/wordpress\/wp-json\/wp\/v2\/posts"}],"about":[{"href":"https:\/\/www.elpolitologoyelpolitico.com.ar\/wordpress\/wp-json\/wp\/v2\/types\/post"}],"author":[{"embeddable":true,"href":"https:\/\/www.elpolitologoyelpolitico.com.ar\/wordpress\/wp-json\/wp\/v2\/users\/4"}],"replies":[{"embeddable":true,"href":"https:\/\/www.elpolitologoyelpolitico.com.ar\/wordpress\/wp-json\/wp\/v2\/comments?post=20762"}],"version-history":[{"count":0,"href":"https:\/\/www.elpolitologoyelpolitico.com.ar\/wordpress\/wp-json\/wp\/v2\/posts\/20762\/revisions"}],"wp:featuredmedia":[{"embeddable":true,"href":"https:\/\/www.elpolitologoyelpolitico.com.ar\/wordpress\/wp-json\/wp\/v2\/media\/20763"}],"wp:attachment":[{"href":"https:\/\/www.elpolitologoyelpolitico.com.ar\/wordpress\/wp-json\/wp\/v2\/media?parent=20762"}],"wp:term":[{"taxonomy":"category","embeddable":true,"href":"https:\/\/www.elpolitologoyelpolitico.com.ar\/wordpress\/wp-json\/wp\/v2\/categories?post=20762"},{"taxonomy":"post_tag","embeddable":true,"href":"https:\/\/www.elpolitologoyelpolitico.com.ar\/wordpress\/wp-json\/wp\/v2\/tags?post=20762"}],"curies":[{"name":"wp","href":"https:\/\/api.w.org\/{rel}","templated":true}]}}