{"id":20759,"date":"2022-05-26T22:34:50","date_gmt":"2022-05-26T22:34:50","guid":{"rendered":"https:\/\/www.elpolitologoyelpolitico.com.ar\/wordpress\/?p=20759"},"modified":"2022-05-26T22:34:51","modified_gmt":"2022-05-26T22:34:51","slug":"hoy-comienza-el-curso-para-d-t-de-futbol-formativo-comunitario","status":"publish","type":"post","link":"https:\/\/www.elpolitologoyelpolitico.com.ar\/wordpress\/2022\/05\/26\/hoy-comienza-el-curso-para-d-t-de-futbol-formativo-comunitario\/","title":{"rendered":"Hoy comienza el Curso para D.T de f\u00fatbol formativo comunitario"},"content":{"rendered":"\n<p><\/p>\n\n\n\n<p>Esta semana el coordinador del \u00e1rea de f\u00fatbol, Fabi\u00e1n Pacheco junto al preparador f\u00edsico, Fabricio Ortega y el Lic. Christian Enei llevar\u00e1n adelante esta propuesta que ya rompi\u00f3 el rec\u00f3rd de inscriptos para los dos dias.<\/p>\n\n\n\n<p><strong>CRONOGRAMA DE ACTIVIDADES:<\/strong><\/p>\n\n\n\n<p><strong>Jueves 26\/5<\/strong><\/p>\n\n\n\n<p>18 a 21hs (te\u00f3rico)<\/p>\n\n\n\n<p>Lugar: ESRN 19 (Barrio Lavalle)<\/p>\n\n\n\n<p><strong>Viernes 27\/5<\/strong><\/p>\n\n\n\n<p>18 a 21hs (pr\u00e1ctico)<\/p>\n\n\n\n<p>Lugar: ESRN 19 (Barrio Lavalle)&nbsp;<\/p>\n\n\n\n<p>Hay que recordar que la actividad esta organizada por la Secretaria de Deporte y la Liga Atl\u00e1ntica Sur.<\/p>\n<div class=\"fb-background-color\">\n\t\t\t  <div \n\t\t\t  \tclass = \"fb-comments\" \n\t\t\t  \tdata-href = \"https:\/\/www.elpolitologoyelpolitico.com.ar\/wordpress\/2022\/05\/26\/hoy-comienza-el-curso-para-d-t-de-futbol-formativo-comunitario\/\"\n\t\t\t  \tdata-numposts = \"10\"\n\t\t\t  \tdata-lazy = \"true\"\n\t\t\t\tdata-colorscheme = \"light\"\n\t\t\t\tdata-order-by = \"social\"\n\t\t\t\tdata-mobile=true>\n\t\t\t  <\/div><\/div>\n\t\t  <style>\n\t\t    .fb-background-color {\n\t\t\t\tbackground: #ffffff !important;\n\t\t\t}\n\t\t\t.fb_iframe_widget_fluid_desktop iframe {\n\t\t\t    width: 100% !important;\n\t\t\t}\n\t\t  <\/style>\n\t\t  ","protected":false},"excerpt":{"rendered":"<p>Esta semana el coordinador del \u00e1rea de f\u00fatbol, Fabi\u00e1n Pacheco junto al preparador f\u00edsico, Fabricio Ortega y el Lic. Christian Enei llevar\u00e1n adelante esta propuesta que ya rompi\u00f3 el rec\u00f3rd de inscriptos para los dos dias. CRONOGRAMA DE ACTIVIDADES: Jueves 26\/5 18 a 21hs (te\u00f3rico) Lugar: ESRN 19 (Barrio Lavalle) Viernes 27\/5 18 a 21hs [&hellip;]<\/p>\n","protected":false},"author":4,"featured_media":20760,"comment_status":"closed","ping_status":"closed","sticky":false,"template":"","format":"standard","meta":{"_joinchat":[],"footnotes":""},"categories":[39],"tags":[],"class_list":["post-20759","post","type-post","status-publish","format-standard","has-post-thumbnail","hentry","category-en-esta-seccion"],"_links":{"self":[{"href":"https:\/\/www.elpolitologoyelpolitico.com.ar\/wordpress\/wp-json\/wp\/v2\/posts\/20759","targetHints":{"allow":["GET"]}}],"collection":[{"href":"https:\/\/www.elpolitologoyelpolitico.com.ar\/wordpress\/wp-json\/wp\/v2\/posts"}],"about":[{"href":"https:\/\/www.elpolitologoyelpolitico.com.ar\/wordpress\/wp-json\/wp\/v2\/types\/post"}],"author":[{"embeddable":true,"href":"https:\/\/www.elpolitologoyelpolitico.com.ar\/wordpress\/wp-json\/wp\/v2\/users\/4"}],"replies":[{"embeddable":true,"href":"https:\/\/www.elpolitologoyelpolitico.com.ar\/wordpress\/wp-json\/wp\/v2\/comments?post=20759"}],"version-history":[{"count":0,"href":"https:\/\/www.elpolitologoyelpolitico.com.ar\/wordpress\/wp-json\/wp\/v2\/posts\/20759\/revisions"}],"wp:featuredmedia":[{"embeddable":true,"href":"https:\/\/www.elpolitologoyelpolitico.com.ar\/wordpress\/wp-json\/wp\/v2\/media\/20760"}],"wp:attachment":[{"href":"https:\/\/www.elpolitologoyelpolitico.com.ar\/wordpress\/wp-json\/wp\/v2\/media?parent=20759"}],"wp:term":[{"taxonomy":"category","embeddable":true,"href":"https:\/\/www.elpolitologoyelpolitico.com.ar\/wordpress\/wp-json\/wp\/v2\/categories?post=20759"},{"taxonomy":"post_tag","embeddable":true,"href":"https:\/\/www.elpolitologoyelpolitico.com.ar\/wordpress\/wp-json\/wp\/v2\/tags?post=20759"}],"curies":[{"name":"wp","href":"https:\/\/api.w.org\/{rel}","templated":true}]}}