{"id":20752,"date":"2022-05-26T21:42:16","date_gmt":"2022-05-26T21:42:16","guid":{"rendered":"https:\/\/www.elpolitologoyelpolitico.com.ar\/wordpress\/?p=20752"},"modified":"2022-05-26T21:42:18","modified_gmt":"2022-05-26T21:42:18","slug":"stroeder-ya-tiene-su-anhelado-centro-civico","status":"publish","type":"post","link":"https:\/\/www.elpolitologoyelpolitico.com.ar\/wordpress\/2022\/05\/26\/stroeder-ya-tiene-su-anhelado-centro-civico\/","title":{"rendered":"Stroeder ya tiene su anhelado Centro C\u00edvico"},"content":{"rendered":"\n<p><\/p>\n\n\n\n<p>En un emotivo acto, este mi\u00e9rcoles, el Intendente, Jos\u00e9 Luis Zara, junto al delegado municipal, Emiliano L\u00f3pez, dej\u00f3 inaugurado el edificio del Centro C\u00edvico de la localidad de Stroeder.<\/p>\n\n\n\n<p>Lo acompa\u00f1aron funcionarios del gabinete municipal, concejales, autoridades educativas, representantes de instituciones locales y un importante n\u00famero de vecinos que se acercaron, en el marco de un hist\u00f3rico y esperado d\u00eda.&nbsp;<\/p>\n\n\n\n<p>El nuevo Centro, constar\u00e1 con dos plantas que constituyen un total de 438 metros cuadrados, donde funcionar\u00e1n diferentes instituciones como IOMA, PAMI, REGISTRO CIVIL, ANSES. Por otra parte, cuenta con un bloque sanitario en planta baja al que se anexa una \u00abkitchenette\u00bb en relaci\u00f3n directa con el hall de acceso y un Sal\u00f3n de Usos M\u00faltiples (SUM) en planta alta, para usos de diferente \u00edndole.<\/p>\n\n\n\n<p>Previo al corte de cintas, el Secretario de Obras P\u00fablicas, Jorge Isaac, hizo un repaso de las distintas etapas por las que atraves\u00f3 la obra, con la pandemia de por medio. No obstante destac\u00f3 que se pudo finalizar y se\u00f1al\u00f3: \u201choy estamos ac\u00e1, inaugurando el edificio lo cual es motivo de gran alegr\u00eda y para la gente de Stroeder ser\u00e1 motivo de gran alegr\u00eda, ya que les va permitir tener todo en un solo lugar. Es una obra muy importante, para nosotros es la conclusi\u00f3n de un esfuerzo, de un trabajo de muchos a\u00f1os\u201d.&nbsp;<\/p>\n\n\n\n<p>Luego, se expres\u00f3 la titular local de IOMA, Silvina Colombo: \u201cEstoy muy agradecida, en este lugar hab\u00eda una casita prefabricada, a mi en el 2010 me convocaron de IOMA Bah\u00eda Blanca para hacerme cargo de la delegaci\u00f3n local en Stroeder, fue una emoci\u00f3n muy grande porque pude volver a mi lugar, a parte de mi vida e infancia.&nbsp;<\/p>\n\n\n\n<p>Nos tocaba venir a la casa prefabricada, llegaba en colectivo y Ra\u00fal ten\u00eda los mates preparados con algo dulce. Ahora volvemos a compartir un lugar, contentos por nuestro pueblo, por este lugar donde se concentran todas las oficinas\u201d, dijo.<\/p>\n\n\n\n<p>Adem\u00e1s, a\u00f1adi\u00f3: \u201cLe agradezco al Intendente Municipal que siendo municipal se preocupe por las instituciones provinciales y nacionales y que haya gestionado este lugar para mi pueblo querido\u201d.&nbsp;<\/p>\n\n\n\n<p>En coincidencia con Colombo, el titular del Registro de las Personas, Ra\u00fal Omar Jacobo, hizo un repaso por la historia del proyecto del Centro C\u00edvico y asegur\u00f3: \u201cCost\u00f3 mucho tiempo tener lo que hoy tenemos aqu\u00ed. Realmente para nuestro pueblo ser\u00e1 uno de los edificios de referencia, como tantos que tenemos en nuestro pueblo\u201d.&nbsp;<\/p>\n\n\n\n<p>\u201cEn cuanto al Organismo que me toca representar, la gente mayor recordar\u00e1, dentro de 4 a\u00f1os el Registro de las personas cumplir\u00e1 100 a\u00f1os en Stroeder y ha ido girando por un mont\u00f3n de lugares y hoy vamos a tener un lugar fijo, c\u00f3modo y lindo para realizar el trabajo\u201d, agreg\u00f3.&nbsp;<\/p>\n\n\n\n<p>Para finalizar, el Intendente Zara indic\u00f3: \u201cTengo una alegr\u00eda muy grande, junto a mi equipo de trabajo, y no quiero dejar de nombrar a Romina Becker, que tambi\u00e9n fue una ide\u00f3loga de este edificio. En el 2010 unos de mis primeros proyectos en el Concejo Deliberante fue de Resoluci\u00f3n para que el Registro Civil tenga un lugar m\u00e1s acorde. La verdad que cuando llegu\u00e9 como intendente no me olvid\u00e9 de este lugar, Romina me lo hizo recordar y empezamos a pensar que \u00edbamos a refaccionar este antiguo Registro, pero con un proyecto m\u00e1s ambicioso, que fue este; un Centro C\u00edvico\u201d.&nbsp;<\/p>\n\n\n\n<p>\u201cEmpezamos a hacer el proyecto y la verdad que muchas veces asustan los valores, fue as\u00ed que durante el gobierno de Mar\u00eda Eugenia Vidal se cre\u00f3 el Fondo de Infraestructura Municipal que hoy sigue vigente y nos permiti\u00f3 pensar en la construcci\u00f3n de este edificio\u201d, repas\u00f3 el jefe comunal.&nbsp;<\/p>\n\n\n\n<p>Del mismo modo, refiri\u00f3 los distintos obst\u00e1culos que se atravesaron en el camino a concretar la obra y asegur\u00f3 que \u201cfue a trav\u00e9s del gobierno nacional, del Ministerio de Obras P\u00fablicas; el programa Argentina Hace 2 que nos aprueban el financiamiento para la terminaci\u00f3n del edificio y as\u00ed fue como se finaliz\u00f3 y hoy tenemos la suerte de poder entregarla. Creo que en la gesti\u00f3n, que siempre son quejas y problemas, el d\u00eda m\u00e1s lindo, el d\u00eda de nuestra Patria es poder terminar e inaugurar una obra y esa es la alegr\u00eda que tengo junto a mi equipo. A disfrutar de este nuevo edificio, moderno que no es solo para que lo disfruten los vecinos, sino tambi\u00e9n los trabajadores de las distintas oficinas\u201d.&nbsp;<\/p>\n\n\n\n<p>Luego de las alocuciones, se concret\u00f3 el esperado corte de cintas.&nbsp;<\/p>\n\n\n\n<p>Minutos despu\u00e9s se descubri\u00f3 una placa que recuerda la fecha de inauguraci\u00f3n y, posteriormente, el Intendente junto a funcionarios, representantes de los distintos organismos que funcionar\u00e1n en el edificio y vecinos, recorrieron las nuevas instalaciones.<\/p>\n\n\n\n<figure class=\"wp-block-gallery has-nested-images columns-default is-cropped wp-block-gallery-1 is-layout-flex wp-block-gallery-is-layout-flex\">\n<figure class=\"wp-block-image size-large\"><img fetchpriority=\"high\" decoding=\"async\" width=\"720\" height=\"942\" data-id=\"20754\" src=\"https:\/\/www.elpolitologoyelpolitico.com.ar\/wp-content\/uploads\/2022\/05\/IMG-20220526-WA0049.jpg\" alt=\"\" class=\"wp-image-20754\" srcset=\"https:\/\/www.elpolitologoyelpolitico.com.ar\/wp-content\/uploads\/2022\/05\/IMG-20220526-WA0049.jpg 720w, https:\/\/www.elpolitologoyelpolitico.com.ar\/wp-content\/uploads\/2022\/05\/IMG-20220526-WA0049-229x300.jpg 229w\" sizes=\"(max-width: 720px) 100vw, 720px\" \/><\/figure>\n\n\n\n<figure class=\"wp-block-image size-large\"><img decoding=\"async\" width=\"720\" height=\"478\" data-id=\"20755\" src=\"https:\/\/www.elpolitologoyelpolitico.com.ar\/wp-content\/uploads\/2022\/05\/IMG-20220526-WA0047.jpg\" alt=\"\" class=\"wp-image-20755\" srcset=\"https:\/\/www.elpolitologoyelpolitico.com.ar\/wp-content\/uploads\/2022\/05\/IMG-20220526-WA0047.jpg 720w, https:\/\/www.elpolitologoyelpolitico.com.ar\/wp-content\/uploads\/2022\/05\/IMG-20220526-WA0047-300x199.jpg 300w\" sizes=\"(max-width: 720px) 100vw, 720px\" \/><\/figure>\n\n\n\n<figure class=\"wp-block-image size-large\"><img decoding=\"async\" width=\"720\" height=\"405\" data-id=\"20756\" src=\"https:\/\/www.elpolitologoyelpolitico.com.ar\/wp-content\/uploads\/2022\/05\/IMG-20220526-WA0048.jpg\" alt=\"\" class=\"wp-image-20756\" srcset=\"https:\/\/www.elpolitologoyelpolitico.com.ar\/wp-content\/uploads\/2022\/05\/IMG-20220526-WA0048.jpg 720w, https:\/\/www.elpolitologoyelpolitico.com.ar\/wp-content\/uploads\/2022\/05\/IMG-20220526-WA0048-300x169.jpg 300w\" sizes=\"(max-width: 720px) 100vw, 720px\" \/><\/figure>\n\n\n\n<figure class=\"wp-block-image size-large\"><img loading=\"lazy\" decoding=\"async\" width=\"720\" height=\"540\" data-id=\"20757\" src=\"https:\/\/www.elpolitologoyelpolitico.com.ar\/wp-content\/uploads\/2022\/05\/IMG-20220526-WA0050.jpg\" alt=\"\" class=\"wp-image-20757\" srcset=\"https:\/\/www.elpolitologoyelpolitico.com.ar\/wp-content\/uploads\/2022\/05\/IMG-20220526-WA0050.jpg 720w, https:\/\/www.elpolitologoyelpolitico.com.ar\/wp-content\/uploads\/2022\/05\/IMG-20220526-WA0050-300x225.jpg 300w\" sizes=\"(max-width: 720px) 100vw, 720px\" \/><\/figure>\n<\/figure>\n<div class=\"fb-background-color\">\n\t\t\t  <div \n\t\t\t  \tclass = \"fb-comments\" \n\t\t\t  \tdata-href = \"https:\/\/www.elpolitologoyelpolitico.com.ar\/wordpress\/2022\/05\/26\/stroeder-ya-tiene-su-anhelado-centro-civico\/\"\n\t\t\t  \tdata-numposts = \"10\"\n\t\t\t  \tdata-lazy = \"true\"\n\t\t\t\tdata-colorscheme = \"light\"\n\t\t\t\tdata-order-by = \"social\"\n\t\t\t\tdata-mobile=true>\n\t\t\t  <\/div><\/div>\n\t\t  <style>\n\t\t    .fb-background-color {\n\t\t\t\tbackground: #ffffff !important;\n\t\t\t}\n\t\t\t.fb_iframe_widget_fluid_desktop iframe {\n\t\t\t    width: 100% !important;\n\t\t\t}\n\t\t  <\/style>\n\t\t  ","protected":false},"excerpt":{"rendered":"<p>En un emotivo acto, este mi\u00e9rcoles, el Intendente, Jos\u00e9 Luis Zara, junto al delegado municipal, Emiliano L\u00f3pez, dej\u00f3 inaugurado el edificio del Centro C\u00edvico de la localidad de Stroeder. Lo acompa\u00f1aron funcionarios del gabinete municipal, concejales, autoridades educativas, representantes de instituciones locales y un importante n\u00famero de vecinos que se acercaron, en el marco de [&hellip;]<\/p>\n","protected":false},"author":4,"featured_media":20753,"comment_status":"closed","ping_status":"closed","sticky":false,"template":"","format":"standard","meta":{"_joinchat":[],"footnotes":""},"categories":[39],"tags":[],"class_list":["post-20752","post","type-post","status-publish","format-standard","has-post-thumbnail","hentry","category-en-esta-seccion"],"_links":{"self":[{"href":"https:\/\/www.elpolitologoyelpolitico.com.ar\/wordpress\/wp-json\/wp\/v2\/posts\/20752","targetHints":{"allow":["GET"]}}],"collection":[{"href":"https:\/\/www.elpolitologoyelpolitico.com.ar\/wordpress\/wp-json\/wp\/v2\/posts"}],"about":[{"href":"https:\/\/www.elpolitologoyelpolitico.com.ar\/wordpress\/wp-json\/wp\/v2\/types\/post"}],"author":[{"embeddable":true,"href":"https:\/\/www.elpolitologoyelpolitico.com.ar\/wordpress\/wp-json\/wp\/v2\/users\/4"}],"replies":[{"embeddable":true,"href":"https:\/\/www.elpolitologoyelpolitico.com.ar\/wordpress\/wp-json\/wp\/v2\/comments?post=20752"}],"version-history":[{"count":0,"href":"https:\/\/www.elpolitologoyelpolitico.com.ar\/wordpress\/wp-json\/wp\/v2\/posts\/20752\/revisions"}],"wp:featuredmedia":[{"embeddable":true,"href":"https:\/\/www.elpolitologoyelpolitico.com.ar\/wordpress\/wp-json\/wp\/v2\/media\/20753"}],"wp:attachment":[{"href":"https:\/\/www.elpolitologoyelpolitico.com.ar\/wordpress\/wp-json\/wp\/v2\/media?parent=20752"}],"wp:term":[{"taxonomy":"category","embeddable":true,"href":"https:\/\/www.elpolitologoyelpolitico.com.ar\/wordpress\/wp-json\/wp\/v2\/categories?post=20752"},{"taxonomy":"post_tag","embeddable":true,"href":"https:\/\/www.elpolitologoyelpolitico.com.ar\/wordpress\/wp-json\/wp\/v2\/tags?post=20752"}],"curies":[{"name":"wp","href":"https:\/\/api.w.org\/{rel}","templated":true}]}}