{"id":20747,"date":"2022-05-26T18:23:41","date_gmt":"2022-05-26T18:23:41","guid":{"rendered":"https:\/\/www.elpolitologoyelpolitico.com.ar\/wordpress\/?p=20747"},"modified":"2022-05-26T18:23:43","modified_gmt":"2022-05-26T18:23:43","slug":"varias-iniciativas-del-frente-de-todos-para-la-sesion-que-se-realizara-este-viernes-en-villalonga","status":"publish","type":"post","link":"https:\/\/www.elpolitologoyelpolitico.com.ar\/wordpress\/2022\/05\/26\/varias-iniciativas-del-frente-de-todos-para-la-sesion-que-se-realizara-este-viernes-en-villalonga\/","title":{"rendered":"Varias iniciativas del Frente de Todos para la sesion que se realizar\u00e1 este viernes en Villalonga."},"content":{"rendered":"\n<p>En el marco de los festejos conmemorativos por el 93\u00b0 aniversario de la localidad, este viernes sesiona HCD de Patagones.<\/p>\n\n\n\n<p>Para la oportunidad el bloque de Concejales del Frente de Todos, presentar\u00e1 proyectos vinculados a esta localidad de interior del distrito.<\/p>\n\n\n\n<p><strong>RECONOCIMIENTO.<\/strong><\/p>\n\n\n\n<p>Desde esta bancada, se presenta un proyecto de Ordenanza para que se designe al Centro Integrador Comunitario de Villalonga con el nombre de una historica trabajadora de la Salud Paulina Rodr\u00edguez de Carrera, oriunda de San Juan, radicada el la localidad en 1967, un a\u00f1o despu\u00e9s ingres\u00f3 como enfermera en el hospital Eduardo Arancibia, de quien fue colaboradora de confianza en todas las tareas de salud entre ellos la atenci\u00f3n de partos. Se jubil\u00f3 1992 y falleci\u00f3 en el 2005, el objetivo de esta iniciativa es el reconocimiento a esta trabajadora de la Salud que fue parte de la historia de la localidad.<\/p>\n\n\n\n<p><strong>LUMINARIAS LED.<\/strong><\/p>\n\n\n\n<p>El Bloque, tambi\u00e9n promueve la optimizaci\u00f3n de la iluminaci\u00f3n de la localidad.<\/p>\n\n\n\n<p>Para ello se present\u00f3 un proyecto de Resoluci\u00f3n donde se solicita al Ejecutivo Municipal, se eval\u00fae la factibilidad de realizar un relevamiento de las luminarias, incorporando iluminaci\u00f3n LED, para las calles de la localidad, como tambi\u00e9n para el acceso a Villalonga.<\/p>\n\n\n\n<p>En los considerandos, se busca una iluminaci\u00f3n mas \u00f3ptima para los vecinos y un ahorro energ\u00e9tico.<\/p>\n\n\n\n<p><strong>LIMPIEZA DE CALLES Y DESAG\u00dcES.<\/strong><\/p>\n\n\n\n<p>La presentaci\u00f3n de una Minuta de Comunicaci\u00f3n donde los ediles de Frente de Todos,&nbsp; solicitan al Municipio que de manera urgente realice la limpieza y desagote del zanjon que se forma por acumulaci\u00f3n de agua estancada en la intersecci\u00f3n de las calles Saavedra y 9 de Julio, del barrio Urquijo.<\/p>\n\n\n\n<p>En los considerandos de la solicitud, se remarca, los reiterados reclamos de los vecinos de la mencionada calle, quienes expresaron su preocupaci\u00f3n por la salubridad de los propios vecinos, en especial los ni\u00f1os. A esta problem\u00e1tica se suma el pedido de una mejor iluminaci\u00f3n de la zona, ya que actualmente es muy deficiente, asi se lo expresaron los vecinos a los Concejales de este bloque.<\/p>\n\n\n\n<p><strong>REDUCTOR DE VELOCIDAD.<\/strong><\/p>\n\n\n\n<p>Finalmente mediante un proyecto de Resoluci\u00f3n, le solicitan a Departamento Ejecutivo que construya un reductor de velocidad en la intersecci\u00f3n de las calles Santa Cruz y Bernardo Ibarriuli.<\/p>\n\n\n\n<p>El motivo, prevenir accidentes ya que es una constante que los automovilistas transiten por el lugar a alta velocidad, m\u00e1xime que se trata de una calle de doble circulaci\u00f3n y muy concurrida, principalmente en horario escolar.<\/p>\n<div class=\"fb-background-color\">\n\t\t\t  <div \n\t\t\t  \tclass = \"fb-comments\" \n\t\t\t  \tdata-href = \"https:\/\/www.elpolitologoyelpolitico.com.ar\/wordpress\/2022\/05\/26\/varias-iniciativas-del-frente-de-todos-para-la-sesion-que-se-realizara-este-viernes-en-villalonga\/\"\n\t\t\t  \tdata-numposts = \"10\"\n\t\t\t  \tdata-lazy = \"true\"\n\t\t\t\tdata-colorscheme = \"light\"\n\t\t\t\tdata-order-by = \"social\"\n\t\t\t\tdata-mobile=true>\n\t\t\t  <\/div><\/div>\n\t\t  <style>\n\t\t    .fb-background-color {\n\t\t\t\tbackground: #ffffff !important;\n\t\t\t}\n\t\t\t.fb_iframe_widget_fluid_desktop iframe {\n\t\t\t    width: 100% !important;\n\t\t\t}\n\t\t  <\/style>\n\t\t  ","protected":false},"excerpt":{"rendered":"<p>En el marco de los festejos conmemorativos por el 93\u00b0 aniversario de la localidad, este viernes sesiona HCD de Patagones. Para la oportunidad el bloque de Concejales del Frente de Todos, presentar\u00e1 proyectos vinculados a esta localidad de interior del distrito. RECONOCIMIENTO. Desde esta bancada, se presenta un proyecto de Ordenanza para que se designe [&hellip;]<\/p>\n","protected":false},"author":4,"featured_media":20748,"comment_status":"closed","ping_status":"closed","sticky":false,"template":"","format":"standard","meta":{"_joinchat":[],"footnotes":""},"categories":[39],"tags":[],"class_list":["post-20747","post","type-post","status-publish","format-standard","has-post-thumbnail","hentry","category-en-esta-seccion"],"_links":{"self":[{"href":"https:\/\/www.elpolitologoyelpolitico.com.ar\/wordpress\/wp-json\/wp\/v2\/posts\/20747","targetHints":{"allow":["GET"]}}],"collection":[{"href":"https:\/\/www.elpolitologoyelpolitico.com.ar\/wordpress\/wp-json\/wp\/v2\/posts"}],"about":[{"href":"https:\/\/www.elpolitologoyelpolitico.com.ar\/wordpress\/wp-json\/wp\/v2\/types\/post"}],"author":[{"embeddable":true,"href":"https:\/\/www.elpolitologoyelpolitico.com.ar\/wordpress\/wp-json\/wp\/v2\/users\/4"}],"replies":[{"embeddable":true,"href":"https:\/\/www.elpolitologoyelpolitico.com.ar\/wordpress\/wp-json\/wp\/v2\/comments?post=20747"}],"version-history":[{"count":0,"href":"https:\/\/www.elpolitologoyelpolitico.com.ar\/wordpress\/wp-json\/wp\/v2\/posts\/20747\/revisions"}],"wp:featuredmedia":[{"embeddable":true,"href":"https:\/\/www.elpolitologoyelpolitico.com.ar\/wordpress\/wp-json\/wp\/v2\/media\/20748"}],"wp:attachment":[{"href":"https:\/\/www.elpolitologoyelpolitico.com.ar\/wordpress\/wp-json\/wp\/v2\/media?parent=20747"}],"wp:term":[{"taxonomy":"category","embeddable":true,"href":"https:\/\/www.elpolitologoyelpolitico.com.ar\/wordpress\/wp-json\/wp\/v2\/categories?post=20747"},{"taxonomy":"post_tag","embeddable":true,"href":"https:\/\/www.elpolitologoyelpolitico.com.ar\/wordpress\/wp-json\/wp\/v2\/tags?post=20747"}],"curies":[{"name":"wp","href":"https:\/\/api.w.org\/{rel}","templated":true}]}}