{"id":20735,"date":"2022-05-26T17:46:38","date_gmt":"2022-05-26T17:46:38","guid":{"rendered":"https:\/\/www.elpolitologoyelpolitico.com.ar\/wordpress\/?p=20735"},"modified":"2022-05-26T17:46:40","modified_gmt":"2022-05-26T17:46:40","slug":"los-adultos-mayores-de-patagones-festejaron-el-25-de-mayo","status":"publish","type":"post","link":"https:\/\/www.elpolitologoyelpolitico.com.ar\/wordpress\/2022\/05\/26\/los-adultos-mayores-de-patagones-festejaron-el-25-de-mayo\/","title":{"rendered":"Los adultos mayores de Patagones festejaron el 25 de mayo"},"content":{"rendered":"\n<p>La Secretar\u00eda de Desarrollo Social, a trav\u00e9s del \u00e1rea de Adultos Mayores, Pensiones, Cultura y Deportes, realiz\u00f3 este mi\u00e9rcoles una jornada de festejos por el 25 de mayo, con una importante convocatoria de adultos mayores de Carmen de Patagones, y la presencia del Intendente Municipal, Ing. Jos\u00e9 Luis Zara.<\/p>\n\n\n\n<p>La cita fue en el sal\u00f3n El Tronador, que se visti\u00f3 para la ocasi\u00f3n con los colores patrios. All\u00ed se desarrollaron diversas actividades recreativas, el infaltable baile, que incluy\u00f3 m\u00fasica tradicional y una merienda con el t\u00edpico chocolate del 25.<\/p>\n\n\n\n<p>Amenizaron la jornada, Ro Inalaf y su conjunto.<\/p>\n\n\n\n<p>Acompa\u00f1aron al jefe comunal, el Jefe de Gabinete, Fabio Bettinelli, la Directora de Deportes, Eliana Pugnaloni, el Director de Cultura, Vicente Paredes, la Directora de Pol\u00edticas Sociales y Acci\u00f3n Comunitaria, Mar\u00eda del Carmen Alonso, el Director de Pensiones, Facundo Arbur\u00faa, y Sebasti\u00e1n Costantino, encargado de talleres del \u00e1rea.<\/p>\n\n\n\n<p>En la ocasi\u00f3n, el Intendente dialog\u00f3 con los adultos mayores sobre todas las actividades que se desarrollan durante el a\u00f1o y comparti\u00f3 las propuestas que desarroll\u00f3 el personal de las distintas \u00e1reas municipales.<\/p>\n\n\n\n<figure class=\"wp-block-gallery has-nested-images columns-default is-cropped wp-block-gallery-1 is-layout-flex wp-block-gallery-is-layout-flex\">\n<figure class=\"wp-block-image size-large\"><img fetchpriority=\"high\" decoding=\"async\" width=\"720\" height=\"324\" data-id=\"20737\" src=\"https:\/\/www.elpolitologoyelpolitico.com.ar\/wp-content\/uploads\/2022\/05\/WhatsApp-Image-2022-05-26-at-1.31.37-PM.jpeg\" alt=\"\" class=\"wp-image-20737\" srcset=\"https:\/\/www.elpolitologoyelpolitico.com.ar\/wp-content\/uploads\/2022\/05\/WhatsApp-Image-2022-05-26-at-1.31.37-PM.jpeg 720w, https:\/\/www.elpolitologoyelpolitico.com.ar\/wp-content\/uploads\/2022\/05\/WhatsApp-Image-2022-05-26-at-1.31.37-PM-300x135.jpeg 300w\" sizes=\"(max-width: 720px) 100vw, 720px\" \/><\/figure>\n\n\n\n<figure class=\"wp-block-image size-large\"><img decoding=\"async\" width=\"720\" height=\"324\" data-id=\"20738\" src=\"https:\/\/www.elpolitologoyelpolitico.com.ar\/wp-content\/uploads\/2022\/05\/WhatsApp-Image-2022-05-26-at-1.31.36-PM.jpeg\" alt=\"\" class=\"wp-image-20738\" srcset=\"https:\/\/www.elpolitologoyelpolitico.com.ar\/wp-content\/uploads\/2022\/05\/WhatsApp-Image-2022-05-26-at-1.31.36-PM.jpeg 720w, https:\/\/www.elpolitologoyelpolitico.com.ar\/wp-content\/uploads\/2022\/05\/WhatsApp-Image-2022-05-26-at-1.31.36-PM-300x135.jpeg 300w\" sizes=\"(max-width: 720px) 100vw, 720px\" \/><\/figure>\n\n\n\n<figure class=\"wp-block-image size-large\"><img decoding=\"async\" width=\"720\" height=\"324\" data-id=\"20739\" src=\"https:\/\/www.elpolitologoyelpolitico.com.ar\/wp-content\/uploads\/2022\/05\/WhatsApp-Image-2022-05-26-at-1.31.35-PM.jpeg\" alt=\"\" class=\"wp-image-20739\" srcset=\"https:\/\/www.elpolitologoyelpolitico.com.ar\/wp-content\/uploads\/2022\/05\/WhatsApp-Image-2022-05-26-at-1.31.35-PM.jpeg 720w, https:\/\/www.elpolitologoyelpolitico.com.ar\/wp-content\/uploads\/2022\/05\/WhatsApp-Image-2022-05-26-at-1.31.35-PM-300x135.jpeg 300w\" sizes=\"(max-width: 720px) 100vw, 720px\" \/><\/figure>\n<\/figure>\n<div class=\"fb-background-color\">\n\t\t\t  <div \n\t\t\t  \tclass = \"fb-comments\" \n\t\t\t  \tdata-href = \"https:\/\/www.elpolitologoyelpolitico.com.ar\/wordpress\/2022\/05\/26\/los-adultos-mayores-de-patagones-festejaron-el-25-de-mayo\/\"\n\t\t\t  \tdata-numposts = \"10\"\n\t\t\t  \tdata-lazy = \"true\"\n\t\t\t\tdata-colorscheme = \"light\"\n\t\t\t\tdata-order-by = \"social\"\n\t\t\t\tdata-mobile=true>\n\t\t\t  <\/div><\/div>\n\t\t  <style>\n\t\t    .fb-background-color {\n\t\t\t\tbackground: #ffffff !important;\n\t\t\t}\n\t\t\t.fb_iframe_widget_fluid_desktop iframe {\n\t\t\t    width: 100% !important;\n\t\t\t}\n\t\t  <\/style>\n\t\t  ","protected":false},"excerpt":{"rendered":"<p>La Secretar\u00eda de Desarrollo Social, a trav\u00e9s del \u00e1rea de Adultos Mayores, Pensiones, Cultura y Deportes, realiz\u00f3 este mi\u00e9rcoles una jornada de festejos por el 25 de mayo, con una importante convocatoria de adultos mayores de Carmen de Patagones, y la presencia del Intendente Municipal, Ing. Jos\u00e9 Luis Zara. La cita fue en el sal\u00f3n [&hellip;]<\/p>\n","protected":false},"author":4,"featured_media":20736,"comment_status":"closed","ping_status":"closed","sticky":false,"template":"","format":"standard","meta":{"_joinchat":[],"footnotes":""},"categories":[39],"tags":[],"class_list":["post-20735","post","type-post","status-publish","format-standard","has-post-thumbnail","hentry","category-en-esta-seccion"],"_links":{"self":[{"href":"https:\/\/www.elpolitologoyelpolitico.com.ar\/wordpress\/wp-json\/wp\/v2\/posts\/20735","targetHints":{"allow":["GET"]}}],"collection":[{"href":"https:\/\/www.elpolitologoyelpolitico.com.ar\/wordpress\/wp-json\/wp\/v2\/posts"}],"about":[{"href":"https:\/\/www.elpolitologoyelpolitico.com.ar\/wordpress\/wp-json\/wp\/v2\/types\/post"}],"author":[{"embeddable":true,"href":"https:\/\/www.elpolitologoyelpolitico.com.ar\/wordpress\/wp-json\/wp\/v2\/users\/4"}],"replies":[{"embeddable":true,"href":"https:\/\/www.elpolitologoyelpolitico.com.ar\/wordpress\/wp-json\/wp\/v2\/comments?post=20735"}],"version-history":[{"count":0,"href":"https:\/\/www.elpolitologoyelpolitico.com.ar\/wordpress\/wp-json\/wp\/v2\/posts\/20735\/revisions"}],"wp:featuredmedia":[{"embeddable":true,"href":"https:\/\/www.elpolitologoyelpolitico.com.ar\/wordpress\/wp-json\/wp\/v2\/media\/20736"}],"wp:attachment":[{"href":"https:\/\/www.elpolitologoyelpolitico.com.ar\/wordpress\/wp-json\/wp\/v2\/media?parent=20735"}],"wp:term":[{"taxonomy":"category","embeddable":true,"href":"https:\/\/www.elpolitologoyelpolitico.com.ar\/wordpress\/wp-json\/wp\/v2\/categories?post=20735"},{"taxonomy":"post_tag","embeddable":true,"href":"https:\/\/www.elpolitologoyelpolitico.com.ar\/wordpress\/wp-json\/wp\/v2\/tags?post=20735"}],"curies":[{"name":"wp","href":"https:\/\/api.w.org\/{rel}","templated":true}]}}