{"id":20726,"date":"2022-05-25T00:32:45","date_gmt":"2022-05-25T00:32:45","guid":{"rendered":"https:\/\/www.elpolitologoyelpolitico.com.ar\/wordpress\/?p=20726"},"modified":"2022-05-25T00:32:47","modified_gmt":"2022-05-25T00:32:47","slug":"este-miercoles-no-habra-recoleccion-de-residuos-en-villalonga","status":"publish","type":"post","link":"https:\/\/www.elpolitologoyelpolitico.com.ar\/wordpress\/2022\/05\/25\/este-miercoles-no-habra-recoleccion-de-residuos-en-villalonga\/","title":{"rendered":"Este mi\u00e9rcoles no habr\u00e1 recolecci\u00f3n de residuos en Villalonga"},"content":{"rendered":"\n<p><\/p>\n\n\n\n<p>La Delegaci\u00f3n Municipal de Villalonga informa a la comunidad que, con motivo del feriado nacional, ma\u00f1ana 25 de mayo no habr\u00e1 servicio de recolecci\u00f3n de residuos.&nbsp;<\/p>\n\n\n\n<p>La prestaci\u00f3n se reanudar\u00e1 en su horario habitual el d\u00eda jueves, 26 de mayo.&nbsp;<\/p>\n\n\n\n<p>En ese marco, se solicita la colaboraci\u00f3n de los vecinos evitando depositar los residuos en la v\u00eda p\u00fablica.<\/p>\n<div class=\"fb-background-color\">\n\t\t\t  <div \n\t\t\t  \tclass = \"fb-comments\" \n\t\t\t  \tdata-href = \"https:\/\/www.elpolitologoyelpolitico.com.ar\/wordpress\/2022\/05\/25\/este-miercoles-no-habra-recoleccion-de-residuos-en-villalonga\/\"\n\t\t\t  \tdata-numposts = \"10\"\n\t\t\t  \tdata-lazy = \"true\"\n\t\t\t\tdata-colorscheme = \"light\"\n\t\t\t\tdata-order-by = \"social\"\n\t\t\t\tdata-mobile=true>\n\t\t\t  <\/div><\/div>\n\t\t  <style>\n\t\t    .fb-background-color {\n\t\t\t\tbackground: #ffffff !important;\n\t\t\t}\n\t\t\t.fb_iframe_widget_fluid_desktop iframe {\n\t\t\t    width: 100% !important;\n\t\t\t}\n\t\t  <\/style>\n\t\t  ","protected":false},"excerpt":{"rendered":"<p>La Delegaci\u00f3n Municipal de Villalonga informa a la comunidad que, con motivo del feriado nacional, ma\u00f1ana 25 de mayo no habr\u00e1 servicio de recolecci\u00f3n de residuos.&nbsp; La prestaci\u00f3n se reanudar\u00e1 en su horario habitual el d\u00eda jueves, 26 de mayo.&nbsp; En ese marco, se solicita la colaboraci\u00f3n de los vecinos evitando depositar los residuos en [&hellip;]<\/p>\n","protected":false},"author":4,"featured_media":20727,"comment_status":"closed","ping_status":"closed","sticky":false,"template":"","format":"standard","meta":{"_joinchat":[],"footnotes":""},"categories":[39],"tags":[],"class_list":["post-20726","post","type-post","status-publish","format-standard","has-post-thumbnail","hentry","category-en-esta-seccion"],"_links":{"self":[{"href":"https:\/\/www.elpolitologoyelpolitico.com.ar\/wordpress\/wp-json\/wp\/v2\/posts\/20726","targetHints":{"allow":["GET"]}}],"collection":[{"href":"https:\/\/www.elpolitologoyelpolitico.com.ar\/wordpress\/wp-json\/wp\/v2\/posts"}],"about":[{"href":"https:\/\/www.elpolitologoyelpolitico.com.ar\/wordpress\/wp-json\/wp\/v2\/types\/post"}],"author":[{"embeddable":true,"href":"https:\/\/www.elpolitologoyelpolitico.com.ar\/wordpress\/wp-json\/wp\/v2\/users\/4"}],"replies":[{"embeddable":true,"href":"https:\/\/www.elpolitologoyelpolitico.com.ar\/wordpress\/wp-json\/wp\/v2\/comments?post=20726"}],"version-history":[{"count":0,"href":"https:\/\/www.elpolitologoyelpolitico.com.ar\/wordpress\/wp-json\/wp\/v2\/posts\/20726\/revisions"}],"wp:featuredmedia":[{"embeddable":true,"href":"https:\/\/www.elpolitologoyelpolitico.com.ar\/wordpress\/wp-json\/wp\/v2\/media\/20727"}],"wp:attachment":[{"href":"https:\/\/www.elpolitologoyelpolitico.com.ar\/wordpress\/wp-json\/wp\/v2\/media?parent=20726"}],"wp:term":[{"taxonomy":"category","embeddable":true,"href":"https:\/\/www.elpolitologoyelpolitico.com.ar\/wordpress\/wp-json\/wp\/v2\/categories?post=20726"},{"taxonomy":"post_tag","embeddable":true,"href":"https:\/\/www.elpolitologoyelpolitico.com.ar\/wordpress\/wp-json\/wp\/v2\/tags?post=20726"}],"curies":[{"name":"wp","href":"https:\/\/api.w.org\/{rel}","templated":true}]}}