{"id":20720,"date":"2022-05-24T18:57:01","date_gmt":"2022-05-24T18:57:01","guid":{"rendered":"https:\/\/www.elpolitologoyelpolitico.com.ar\/wordpress\/?p=20720"},"modified":"2022-05-24T18:57:03","modified_gmt":"2022-05-24T18:57:03","slug":"repudian-agresion-a-vocal-de-comision-de-fomento-por-parte-del-comisionado-de-sierra-paileman","status":"publish","type":"post","link":"https:\/\/www.elpolitologoyelpolitico.com.ar\/wordpress\/2022\/05\/24\/repudian-agresion-a-vocal-de-comision-de-fomento-por-parte-del-comisionado-de-sierra-paileman\/","title":{"rendered":"REPUDIAN AGRESI\u00d3N A VOCAL DE COMISI\u00d3N DE FOMENTO POR PARTE DEL COMISIONADO DE SIERRA PAILEMAN."},"content":{"rendered":"\n<p><\/p>\n\n\n\n<p>El bloque del Frente de Todos expres\u00f3 su en\u00e9rgico repudio a la agresi\u00f3n que sufri\u00f3 el vocal de la Comisi\u00f3n de Fomento de Sierra Pailem\u00e1n, Alfredo Medina, por parte del titular de ese \u00f3rgano de gobierno local, Sergio Nahuelhual, mientras colaboraba con la distribuci\u00f3n de le\u00f1a correspondiente al Plan Calor.<\/p>\n\n\n\n<p>Seg\u00fan relat\u00f3 en la sede policial de Valcheta el propio Medina la agresi\u00f3n surgi\u00f3 cuando junto a la primera vocal, Lorena Sanzana, se presentaron en la casa del Comisionado para seguir con la tarea que estaban desarrollando de trasladar le\u00f1a a vecinos del lugar que no cuentan con movilidad propia para hacerlo.<\/p>\n\n\n\n<p>Medina expres\u00f3 que la esposa de Nahuelhual fue quien inicialmente comenz\u00f3 a insultarlo cuando \u00e9l estaba en el patio del comisionado, cargando la le\u00f1a para distribuir. Desde su casa sali\u00f3 el comisionado, lo tom\u00f3 desde atr\u00e1s, lo sac\u00f3 del lugar a los empujones, ambos cayeron al piso y luego Nahuelhual le dio patadas en distintas partes del cuerpo.<\/p>\n\n\n\n<p>Debido a la agresi\u00f3n, Medina sufri\u00f3 la subluxaci\u00f3n del hombro, seg\u00fan certific\u00f3 un profesional m\u00e9dico de la localidad de la Regi\u00f3n Sur.<\/p>\n\n\n\n<p>El vocal expres\u00f3 en la denuncia penal la le\u00f1a del Plan Calor fue adquirida por el Estado y descargada en casa del Comisionado Sergio Nahuelhual por motivos que desconoce, ya que existe en la Comisi\u00f3n de Fomento un sitio preparado para ese fin.<\/p>\n\n\n\n<p>\u201cNos solidarizamos con el vocal del FdT Alfredo Medina, quien desempe\u00f1a una denodada labor para asistir a sus vecinos y que fue agredido por el Comisionado de su localidad. Pedimos de manera urgente la Justicia avance en la investigaci\u00f3n de este hecho y tambi\u00e9n reclamamos a las autoridades gubernamentales que verifiquen porqu\u00e9 la le\u00f1a del Plan Calor se distribuye desde el domicilio particular del Comisionado\u201d, indic\u00f3 el legislador del circuito Atl\u00e1ntico, Luis Noale.<\/p>\n<div class=\"fb-background-color\">\n\t\t\t  <div \n\t\t\t  \tclass = \"fb-comments\" \n\t\t\t  \tdata-href = \"https:\/\/www.elpolitologoyelpolitico.com.ar\/wordpress\/2022\/05\/24\/repudian-agresion-a-vocal-de-comision-de-fomento-por-parte-del-comisionado-de-sierra-paileman\/\"\n\t\t\t  \tdata-numposts = \"10\"\n\t\t\t  \tdata-lazy = \"true\"\n\t\t\t\tdata-colorscheme = \"light\"\n\t\t\t\tdata-order-by = \"social\"\n\t\t\t\tdata-mobile=true>\n\t\t\t  <\/div><\/div>\n\t\t  <style>\n\t\t    .fb-background-color {\n\t\t\t\tbackground: #ffffff !important;\n\t\t\t}\n\t\t\t.fb_iframe_widget_fluid_desktop iframe {\n\t\t\t    width: 100% !important;\n\t\t\t}\n\t\t  <\/style>\n\t\t  ","protected":false},"excerpt":{"rendered":"<p>El bloque del Frente de Todos expres\u00f3 su en\u00e9rgico repudio a la agresi\u00f3n que sufri\u00f3 el vocal de la Comisi\u00f3n de Fomento de Sierra Pailem\u00e1n, Alfredo Medina, por parte del titular de ese \u00f3rgano de gobierno local, Sergio Nahuelhual, mientras colaboraba con la distribuci\u00f3n de le\u00f1a correspondiente al Plan Calor. Seg\u00fan relat\u00f3 en la sede [&hellip;]<\/p>\n","protected":false},"author":4,"featured_media":20721,"comment_status":"closed","ping_status":"closed","sticky":false,"template":"","format":"standard","meta":{"_joinchat":[],"footnotes":""},"categories":[39],"tags":[],"class_list":["post-20720","post","type-post","status-publish","format-standard","has-post-thumbnail","hentry","category-en-esta-seccion"],"_links":{"self":[{"href":"https:\/\/www.elpolitologoyelpolitico.com.ar\/wordpress\/wp-json\/wp\/v2\/posts\/20720","targetHints":{"allow":["GET"]}}],"collection":[{"href":"https:\/\/www.elpolitologoyelpolitico.com.ar\/wordpress\/wp-json\/wp\/v2\/posts"}],"about":[{"href":"https:\/\/www.elpolitologoyelpolitico.com.ar\/wordpress\/wp-json\/wp\/v2\/types\/post"}],"author":[{"embeddable":true,"href":"https:\/\/www.elpolitologoyelpolitico.com.ar\/wordpress\/wp-json\/wp\/v2\/users\/4"}],"replies":[{"embeddable":true,"href":"https:\/\/www.elpolitologoyelpolitico.com.ar\/wordpress\/wp-json\/wp\/v2\/comments?post=20720"}],"version-history":[{"count":0,"href":"https:\/\/www.elpolitologoyelpolitico.com.ar\/wordpress\/wp-json\/wp\/v2\/posts\/20720\/revisions"}],"wp:featuredmedia":[{"embeddable":true,"href":"https:\/\/www.elpolitologoyelpolitico.com.ar\/wordpress\/wp-json\/wp\/v2\/media\/20721"}],"wp:attachment":[{"href":"https:\/\/www.elpolitologoyelpolitico.com.ar\/wordpress\/wp-json\/wp\/v2\/media?parent=20720"}],"wp:term":[{"taxonomy":"category","embeddable":true,"href":"https:\/\/www.elpolitologoyelpolitico.com.ar\/wordpress\/wp-json\/wp\/v2\/categories?post=20720"},{"taxonomy":"post_tag","embeddable":true,"href":"https:\/\/www.elpolitologoyelpolitico.com.ar\/wordpress\/wp-json\/wp\/v2\/tags?post=20720"}],"curies":[{"name":"wp","href":"https:\/\/api.w.org\/{rel}","templated":true}]}}