{"id":20705,"date":"2022-05-24T14:38:16","date_gmt":"2022-05-24T14:38:16","guid":{"rendered":"https:\/\/www.elpolitologoyelpolitico.com.ar\/wordpress\/?p=20705"},"modified":"2022-05-24T14:38:17","modified_gmt":"2022-05-24T14:38:17","slug":"ate-corta-la-ruta-22-y-bloquea-pozos-de-gas-y-petroleo","status":"publish","type":"post","link":"https:\/\/www.elpolitologoyelpolitico.com.ar\/wordpress\/2022\/05\/24\/ate-corta-la-ruta-22-y-bloquea-pozos-de-gas-y-petroleo\/","title":{"rendered":"ATE corta la Ruta 22 y bloquea pozos de gas y petr\u00f3leo"},"content":{"rendered":"\n<p><\/p>\n\n\n\n<p>La Asociaci\u00f3n Trabajadores del Estado (ATE) y la CTA Aut\u00f3noma de R\u00edo Negro bloquean en este momento el ingreso a yacimientos, refiner\u00edas y dep\u00f3sitos hidrocarbur\u00edferos como parte de su jornada de paro nacional por un cambio urgente en la pol\u00edtica econ\u00f3mica y varios reclamos de car\u00e1cter provincial.&nbsp;<\/p>\n\n\n\n<p>Una multitud de trabajadores se concentra ahora sobre la Ruta 22 y calle Adaro, entre Allen y General Roca, en el ingreso a una planta de YPF Agro, mientras que otro grupo se apuesta sobre la Ruta 22 kil\u00f3metro 1202, entre Allen y Cipolletti, obstaculizando el ingreso a YSUR, empresa subsidiaria de YPF.&nbsp;<\/p>\n\n\n\n<p>\u201cEl Gobierno debe priorizar a nuestro pueblo. La injerencia del FMI en las decisiones de pol\u00edtica econ\u00f3mica atenta contra el bienestar de argentinos que cada vez estamos m\u00e1s empobrecidos\u201d, dijo Rodrigo Vicente, secretario general de ATE y secretario gremial de la CTA Aut\u00f3noma.&nbsp;<\/p>\n\n\n\n<p>\u00abY por su parte el Gobierno provincial retrasa respuestas a demandas sensibles que tienen los estatales. Si las mismas no llegan, las medidas de acci\u00f3n directa se van a ir incrementado r\u00e1pidamente\u00bb, agreg\u00f3.&nbsp;<\/p>\n\n\n\n<p>Entre los reclamos est\u00e1 una pol\u00edtica salarial por arriba de la evoluci\u00f3n de la inflaci\u00f3n, control estricto de precios en toda la cadena de productos, aumento de retenciones para el desacople interno del precio internacional del trigo, auditor\u00eda de la deuda externa e implementaci\u00f3n de un salario b\u00e1sico universal para los nueve millones de argentinos con trabajo informal.&nbsp;<\/p>\n\n\n\n<p>\u201cArgentina no puede crecer sin distribuci\u00f3n del ingreso, porque los trabajadores pierden poder adquisitivo desde hace cinco a\u00f1os. No hay hidr\u00f3geno verde ni explotaci\u00f3n de nuestros recursos naturales posibles sin trabajadores que ganen bien, sin cuidado del ambiente y sin desarrollo para nuestros pueblos. Hay que revertir esta tendencia ahora\u201d, dijo Rodrigo Vicente.&nbsp;<\/p>\n\n\n\n<p>Las organizaciones territoriales de la CTA Aut\u00f3noma tambi\u00e9n desplegar\u00e1n ollas populares en varias ciudades de la provincia, donde denunciar\u00e1n el hambre que impera en los sectores populares invisibilizado.&nbsp;<\/p>\n\n\n\n<p>Las demandas no solamente apuntan al gobierno nacional, sino tambi\u00e9n al gobierno de R\u00edo Negro. Una serie de pedidos sin respuesta presentados en paritaria incomodan cada vez m\u00e1s a las bases: el pago de indumentaria, la cancelaci\u00f3n de millonaria deuda en recategorizaciones, regularizaci\u00f3n de precarizados, homologaci\u00f3n de los avances alcanzados en los convenios colectivos, creaci\u00f3n del adicional por calefacci\u00f3n para trabajadores de El Bols\u00f3n, Bariloche y L\u00ednea Sur y la liquidaci\u00f3n del proporcional de aguinaldo de enero y febrero 2022, cuyos aumentos son parte de la pauta salarial 2021, entre otros puntos.<\/p>\n\n\n\n<figure class=\"wp-block-gallery has-nested-images columns-default is-cropped wp-block-gallery-1 is-layout-flex wp-block-gallery-is-layout-flex\">\n<figure class=\"wp-block-image size-large\"><img fetchpriority=\"high\" decoding=\"async\" width=\"720\" height=\"324\" data-id=\"20707\" src=\"https:\/\/www.elpolitologoyelpolitico.com.ar\/wp-content\/uploads\/2022\/05\/IMG-20220524-WA0005.jpg\" alt=\"\" class=\"wp-image-20707\" srcset=\"https:\/\/www.elpolitologoyelpolitico.com.ar\/wp-content\/uploads\/2022\/05\/IMG-20220524-WA0005.jpg 720w, https:\/\/www.elpolitologoyelpolitico.com.ar\/wp-content\/uploads\/2022\/05\/IMG-20220524-WA0005-300x135.jpg 300w\" sizes=\"(max-width: 720px) 100vw, 720px\" \/><\/figure>\n\n\n\n<figure class=\"wp-block-image size-large\"><img decoding=\"async\" width=\"720\" height=\"540\" data-id=\"20708\" src=\"https:\/\/www.elpolitologoyelpolitico.com.ar\/wp-content\/uploads\/2022\/05\/IMG-20220524-WA0004.jpg\" alt=\"\" class=\"wp-image-20708\" srcset=\"https:\/\/www.elpolitologoyelpolitico.com.ar\/wp-content\/uploads\/2022\/05\/IMG-20220524-WA0004.jpg 720w, https:\/\/www.elpolitologoyelpolitico.com.ar\/wp-content\/uploads\/2022\/05\/IMG-20220524-WA0004-300x225.jpg 300w\" sizes=\"(max-width: 720px) 100vw, 720px\" \/><\/figure>\n<\/figure>\n<div class=\"fb-background-color\">\n\t\t\t  <div \n\t\t\t  \tclass = \"fb-comments\" \n\t\t\t  \tdata-href = \"https:\/\/www.elpolitologoyelpolitico.com.ar\/wordpress\/2022\/05\/24\/ate-corta-la-ruta-22-y-bloquea-pozos-de-gas-y-petroleo\/\"\n\t\t\t  \tdata-numposts = \"10\"\n\t\t\t  \tdata-lazy = \"true\"\n\t\t\t\tdata-colorscheme = \"light\"\n\t\t\t\tdata-order-by = \"social\"\n\t\t\t\tdata-mobile=true>\n\t\t\t  <\/div><\/div>\n\t\t  <style>\n\t\t    .fb-background-color {\n\t\t\t\tbackground: #ffffff !important;\n\t\t\t}\n\t\t\t.fb_iframe_widget_fluid_desktop iframe {\n\t\t\t    width: 100% !important;\n\t\t\t}\n\t\t  <\/style>\n\t\t  ","protected":false},"excerpt":{"rendered":"<p>La Asociaci\u00f3n Trabajadores del Estado (ATE) y la CTA Aut\u00f3noma de R\u00edo Negro bloquean en este momento el ingreso a yacimientos, refiner\u00edas y dep\u00f3sitos hidrocarbur\u00edferos como parte de su jornada de paro nacional por un cambio urgente en la pol\u00edtica econ\u00f3mica y varios reclamos de car\u00e1cter provincial.&nbsp; Una multitud de trabajadores se concentra ahora sobre [&hellip;]<\/p>\n","protected":false},"author":4,"featured_media":20706,"comment_status":"closed","ping_status":"closed","sticky":false,"template":"","format":"standard","meta":{"_joinchat":[],"footnotes":""},"categories":[39],"tags":[],"class_list":["post-20705","post","type-post","status-publish","format-standard","has-post-thumbnail","hentry","category-en-esta-seccion"],"_links":{"self":[{"href":"https:\/\/www.elpolitologoyelpolitico.com.ar\/wordpress\/wp-json\/wp\/v2\/posts\/20705","targetHints":{"allow":["GET"]}}],"collection":[{"href":"https:\/\/www.elpolitologoyelpolitico.com.ar\/wordpress\/wp-json\/wp\/v2\/posts"}],"about":[{"href":"https:\/\/www.elpolitologoyelpolitico.com.ar\/wordpress\/wp-json\/wp\/v2\/types\/post"}],"author":[{"embeddable":true,"href":"https:\/\/www.elpolitologoyelpolitico.com.ar\/wordpress\/wp-json\/wp\/v2\/users\/4"}],"replies":[{"embeddable":true,"href":"https:\/\/www.elpolitologoyelpolitico.com.ar\/wordpress\/wp-json\/wp\/v2\/comments?post=20705"}],"version-history":[{"count":0,"href":"https:\/\/www.elpolitologoyelpolitico.com.ar\/wordpress\/wp-json\/wp\/v2\/posts\/20705\/revisions"}],"wp:featuredmedia":[{"embeddable":true,"href":"https:\/\/www.elpolitologoyelpolitico.com.ar\/wordpress\/wp-json\/wp\/v2\/media\/20706"}],"wp:attachment":[{"href":"https:\/\/www.elpolitologoyelpolitico.com.ar\/wordpress\/wp-json\/wp\/v2\/media?parent=20705"}],"wp:term":[{"taxonomy":"category","embeddable":true,"href":"https:\/\/www.elpolitologoyelpolitico.com.ar\/wordpress\/wp-json\/wp\/v2\/categories?post=20705"},{"taxonomy":"post_tag","embeddable":true,"href":"https:\/\/www.elpolitologoyelpolitico.com.ar\/wordpress\/wp-json\/wp\/v2\/tags?post=20705"}],"curies":[{"name":"wp","href":"https:\/\/api.w.org\/{rel}","templated":true}]}}