{"id":20699,"date":"2022-05-24T02:34:53","date_gmt":"2022-05-24T02:34:53","guid":{"rendered":"https:\/\/www.elpolitologoyelpolitico.com.ar\/wordpress\/?p=20699"},"modified":"2022-05-24T02:34:55","modified_gmt":"2022-05-24T02:34:55","slug":"cambios-en-el-ministerio-de-educacion-de-rio-negro-adentro-pablo-nunez-afuera-mercedes-jara","status":"publish","type":"post","link":"https:\/\/www.elpolitologoyelpolitico.com.ar\/wordpress\/2022\/05\/24\/cambios-en-el-ministerio-de-educacion-de-rio-negro-adentro-pablo-nunez-afuera-mercedes-jara\/","title":{"rendered":"Cambios en el Ministerio de Educaci\u00f3n de R\u00edo Negro: Adentro Pablo N\u00fa\u00f1ez afuera Mercedes Jara"},"content":{"rendered":"\n<p><\/p>\n\n\n\n<p>La Gobernadora Arabela Carreras design\u00f3 a Pablo N\u00fa\u00f1ez como nuevo Ministro de Educaci\u00f3n y Derechos Humanos de R\u00edo Negro, quien asumir\u00e1 el 1 de junio pr\u00f3ximo en reemplazo de Mercedes Jara.<\/p>\n\n\n\n<p>N\u00fa\u00f1ez, de 47 a\u00f1os de edad, es docente, y profesor de Educaci\u00f3n Secundaria Modalidad T\u00e9cnica Profesional. Tuvo un prolongado paso por la cartera educativa entre 2012 y 2019, donde ocup\u00f3 distintos cargos directivos, como la Direcci\u00f3n de Infraestructura, la Direcci\u00f3n de Educaci\u00f3n T\u00e9cnica, Formaci\u00f3n Profesional y de J\u00f3venes y Adultos, la Secretar\u00eda General del Consejo Provincial de Educaci\u00f3n y finalmente la Vocal\u00eda Gubernamental de dicho Consejo.<\/p>\n\n\n\n<p>N\u00fa\u00f1ez, durante el tiempo de trabajo en el Ministerio form\u00f3 parte de la elaboraci\u00f3n de la redacci\u00f3n de la nueva Ley de Educaci\u00f3n de la provincia, del proceso de implementaci\u00f3n de la obligatoriedad de la sala de 4 a\u00f1os en el Nivel Inicial y el proceso de transformaci\u00f3n de la Escuela Secundaria R\u00edo Negro (ESRN), entre otros aspectos.<\/p>\n\n\n\n<p>Tambi\u00e9n form\u00f3 parte del proceso que permiti\u00f3 la expansi\u00f3n de la Escuela T\u00e9cnica Provincial.<\/p>\n\n\n\n<p>Actualmente, N\u00fa\u00f1ez se desempe\u00f1a como Secretario de Gobierno del Municipio de Cipolletti.<\/p>\n\n\n\n<p><strong>Reconocimiento a la labor de Jara Tracchia<\/strong><\/p>\n\n\n\n<p>En tanto, la actual Ministra Mercedes Jara, continuar\u00e1 colaborando con la gesti\u00f3n, aportando su experiencia en materia pedag\u00f3gica para el crecimiento del sistema educativo provincial. La Gobernadora Arabela Carreras agradeci\u00f3 su acompa\u00f1amiento y trabajo durante su gesti\u00f3n.<\/p>\n\n\n\n<p>\u201cAdem\u00e1s de ser Ministra de mi Gabinete, Mercedes es una amiga y valoro profundamente su compromiso para llevar adelante todas las pol\u00edticas p\u00fablicas en educaci\u00f3n, sobre todo en momentos tan dif\u00edciles como los vividos en pandemia, que cambiaron todos los par\u00e1metros de trabajo\u201d, sostuvo.<\/p>\n\n\n\n<p>A\u00f1adi\u00f3 que \u201cquiero destacar todos los avances logrados en la gesti\u00f3n de Mercedes en materia de digitalizaci\u00f3n del sistema educativo, con la incorporaci\u00f3n de los contenidos digitales que permitieron brindar educaci\u00f3n a los alumnos y las alumnas rionegrinos durante la pandemia, permitiendo que las consecuencias de la situaci\u00f3n sanitaria vivida no provocara un desgranamiento espec\u00edfico\u201d.<\/p>\n\n\n\n<p>Finalmente, la Gobernadora record\u00f3 que est\u00e1 pr\u00f3xima a presentarse una aplicaci\u00f3n para que los padres puedan tener un seguimiento de los aprendizajes de sus hijos e hijas.<\/p>\n\n\n\n<p>\u201cEs un desarrollo rionegrino, de nuestro Ministerio de Educaci\u00f3n, bajo la conducci\u00f3n de Mercedes. Son logros que merecen ser destacados y que redundar\u00e1n en una mejor educaci\u00f3n para nuestros chicos y chicas\u201d.<\/p>\n<div class=\"fb-background-color\">\n\t\t\t  <div \n\t\t\t  \tclass = \"fb-comments\" \n\t\t\t  \tdata-href = \"https:\/\/www.elpolitologoyelpolitico.com.ar\/wordpress\/2022\/05\/24\/cambios-en-el-ministerio-de-educacion-de-rio-negro-adentro-pablo-nunez-afuera-mercedes-jara\/\"\n\t\t\t  \tdata-numposts = \"10\"\n\t\t\t  \tdata-lazy = \"true\"\n\t\t\t\tdata-colorscheme = \"light\"\n\t\t\t\tdata-order-by = \"social\"\n\t\t\t\tdata-mobile=true>\n\t\t\t  <\/div><\/div>\n\t\t  <style>\n\t\t    .fb-background-color {\n\t\t\t\tbackground: #ffffff !important;\n\t\t\t}\n\t\t\t.fb_iframe_widget_fluid_desktop iframe {\n\t\t\t    width: 100% !important;\n\t\t\t}\n\t\t  <\/style>\n\t\t  ","protected":false},"excerpt":{"rendered":"<p>La Gobernadora Arabela Carreras design\u00f3 a Pablo N\u00fa\u00f1ez como nuevo Ministro de Educaci\u00f3n y Derechos Humanos de R\u00edo Negro, quien asumir\u00e1 el 1 de junio pr\u00f3ximo en reemplazo de Mercedes Jara. N\u00fa\u00f1ez, de 47 a\u00f1os de edad, es docente, y profesor de Educaci\u00f3n Secundaria Modalidad T\u00e9cnica Profesional. Tuvo un prolongado paso por la cartera educativa [&hellip;]<\/p>\n","protected":false},"author":4,"featured_media":20700,"comment_status":"closed","ping_status":"closed","sticky":false,"template":"","format":"standard","meta":{"_joinchat":[],"footnotes":""},"categories":[39],"tags":[],"class_list":["post-20699","post","type-post","status-publish","format-standard","has-post-thumbnail","hentry","category-en-esta-seccion"],"_links":{"self":[{"href":"https:\/\/www.elpolitologoyelpolitico.com.ar\/wordpress\/wp-json\/wp\/v2\/posts\/20699","targetHints":{"allow":["GET"]}}],"collection":[{"href":"https:\/\/www.elpolitologoyelpolitico.com.ar\/wordpress\/wp-json\/wp\/v2\/posts"}],"about":[{"href":"https:\/\/www.elpolitologoyelpolitico.com.ar\/wordpress\/wp-json\/wp\/v2\/types\/post"}],"author":[{"embeddable":true,"href":"https:\/\/www.elpolitologoyelpolitico.com.ar\/wordpress\/wp-json\/wp\/v2\/users\/4"}],"replies":[{"embeddable":true,"href":"https:\/\/www.elpolitologoyelpolitico.com.ar\/wordpress\/wp-json\/wp\/v2\/comments?post=20699"}],"version-history":[{"count":0,"href":"https:\/\/www.elpolitologoyelpolitico.com.ar\/wordpress\/wp-json\/wp\/v2\/posts\/20699\/revisions"}],"wp:featuredmedia":[{"embeddable":true,"href":"https:\/\/www.elpolitologoyelpolitico.com.ar\/wordpress\/wp-json\/wp\/v2\/media\/20700"}],"wp:attachment":[{"href":"https:\/\/www.elpolitologoyelpolitico.com.ar\/wordpress\/wp-json\/wp\/v2\/media?parent=20699"}],"wp:term":[{"taxonomy":"category","embeddable":true,"href":"https:\/\/www.elpolitologoyelpolitico.com.ar\/wordpress\/wp-json\/wp\/v2\/categories?post=20699"},{"taxonomy":"post_tag","embeddable":true,"href":"https:\/\/www.elpolitologoyelpolitico.com.ar\/wordpress\/wp-json\/wp\/v2\/tags?post=20699"}],"curies":[{"name":"wp","href":"https:\/\/api.w.org\/{rel}","templated":true}]}}