{"id":20693,"date":"2022-05-24T02:23:44","date_gmt":"2022-05-24T02:23:44","guid":{"rendered":"https:\/\/www.elpolitologoyelpolitico.com.ar\/wordpress\/?p=20693"},"modified":"2022-05-24T02:23:46","modified_gmt":"2022-05-24T02:23:46","slug":"el-intendente-zara-visito-talleres-culturales-que-se-dictan-en-carmen-de-patagones","status":"publish","type":"post","link":"https:\/\/www.elpolitologoyelpolitico.com.ar\/wordpress\/2022\/05\/24\/el-intendente-zara-visito-talleres-culturales-que-se-dictan-en-carmen-de-patagones\/","title":{"rendered":"El Intendente Zara visit\u00f3 talleres culturales que se dictan en Carmen de Patagones"},"content":{"rendered":"\n<p><\/p>\n\n\n\n<p>El Intendente Municipal, Ing. Jos\u00e9 Luis Zara, visit\u00f3 los talleres de Canto y Folklore, que la Direcci\u00f3n de Cultura puso en marcha en Carmen de Patagones.&nbsp;<\/p>\n\n\n\n<p>El jefe comunal estuvo acompa\u00f1ado por el Secretario de Desarrollo Social, Leandro Merlo Ezcurra, y el Director de Cultura, Vicente Paredes.&nbsp;<\/p>\n\n\n\n<p>En primer lugar, el Intendente visit\u00f3 el taller de Canto, a cargo de Mayi Heiland, que se dicta en la sede de la Corporaci\u00f3n de Comercio, los d\u00edas lunes y viernes; de 18 a 21 horas.&nbsp;<\/p>\n\n\n\n<p>Adem\u00e1s, participaron de una clase de Folklore, a cargo del profesor Mat\u00edas Abbate, que dicta su taller en la Casa de la Cultura, los d\u00edas mi\u00e9rcoles a las 20, y los viernes a las 19 horas.&nbsp;<\/p>\n\n\n\n<p>En ambas oportunidades, el Intendente dialog\u00f3 con los talleristas y los participantes que mostraron su entusiasmo por las propuestas que se dictan de forma totalmente gratuita.&nbsp;<\/p>\n\n\n\n<p>Cabe destacar que en Carmen de Patagones la Direcci\u00f3n de Cultura cuenta con 15 talleres en marcha.<\/p>\n\n\n\n<figure class=\"wp-block-gallery has-nested-images columns-default is-cropped wp-block-gallery-1 is-layout-flex wp-block-gallery-is-layout-flex\">\n<figure class=\"wp-block-image size-large\"><img fetchpriority=\"high\" decoding=\"async\" width=\"720\" height=\"324\" data-id=\"20695\" src=\"https:\/\/www.elpolitologoyelpolitico.com.ar\/wp-content\/uploads\/2022\/05\/IMG-20220523-WA0029.jpg\" alt=\"\" class=\"wp-image-20695\" srcset=\"https:\/\/www.elpolitologoyelpolitico.com.ar\/wp-content\/uploads\/2022\/05\/IMG-20220523-WA0029.jpg 720w, https:\/\/www.elpolitologoyelpolitico.com.ar\/wp-content\/uploads\/2022\/05\/IMG-20220523-WA0029-300x135.jpg 300w\" sizes=\"(max-width: 720px) 100vw, 720px\" \/><\/figure>\n\n\n\n<figure class=\"wp-block-image size-large\"><img decoding=\"async\" width=\"720\" height=\"324\" data-id=\"20696\" src=\"https:\/\/www.elpolitologoyelpolitico.com.ar\/wp-content\/uploads\/2022\/05\/IMG-20220523-WA0030.jpg\" alt=\"\" class=\"wp-image-20696\" srcset=\"https:\/\/www.elpolitologoyelpolitico.com.ar\/wp-content\/uploads\/2022\/05\/IMG-20220523-WA0030.jpg 720w, https:\/\/www.elpolitologoyelpolitico.com.ar\/wp-content\/uploads\/2022\/05\/IMG-20220523-WA0030-300x135.jpg 300w\" sizes=\"(max-width: 720px) 100vw, 720px\" \/><\/figure>\n\n\n\n<figure class=\"wp-block-image size-large\"><img decoding=\"async\" width=\"720\" height=\"324\" data-id=\"20697\" src=\"https:\/\/www.elpolitologoyelpolitico.com.ar\/wp-content\/uploads\/2022\/05\/IMG-20220523-WA0032.jpg\" alt=\"\" class=\"wp-image-20697\" srcset=\"https:\/\/www.elpolitologoyelpolitico.com.ar\/wp-content\/uploads\/2022\/05\/IMG-20220523-WA0032.jpg 720w, https:\/\/www.elpolitologoyelpolitico.com.ar\/wp-content\/uploads\/2022\/05\/IMG-20220523-WA0032-300x135.jpg 300w\" sizes=\"(max-width: 720px) 100vw, 720px\" \/><\/figure>\n<\/figure>\n<div class=\"fb-background-color\">\n\t\t\t  <div \n\t\t\t  \tclass = \"fb-comments\" \n\t\t\t  \tdata-href = \"https:\/\/www.elpolitologoyelpolitico.com.ar\/wordpress\/2022\/05\/24\/el-intendente-zara-visito-talleres-culturales-que-se-dictan-en-carmen-de-patagones\/\"\n\t\t\t  \tdata-numposts = \"10\"\n\t\t\t  \tdata-lazy = \"true\"\n\t\t\t\tdata-colorscheme = \"light\"\n\t\t\t\tdata-order-by = \"social\"\n\t\t\t\tdata-mobile=true>\n\t\t\t  <\/div><\/div>\n\t\t  <style>\n\t\t    .fb-background-color {\n\t\t\t\tbackground: #ffffff !important;\n\t\t\t}\n\t\t\t.fb_iframe_widget_fluid_desktop iframe {\n\t\t\t    width: 100% !important;\n\t\t\t}\n\t\t  <\/style>\n\t\t  ","protected":false},"excerpt":{"rendered":"<p>El Intendente Municipal, Ing. Jos\u00e9 Luis Zara, visit\u00f3 los talleres de Canto y Folklore, que la Direcci\u00f3n de Cultura puso en marcha en Carmen de Patagones.&nbsp; El jefe comunal estuvo acompa\u00f1ado por el Secretario de Desarrollo Social, Leandro Merlo Ezcurra, y el Director de Cultura, Vicente Paredes.&nbsp; En primer lugar, el Intendente visit\u00f3 el taller [&hellip;]<\/p>\n","protected":false},"author":4,"featured_media":20694,"comment_status":"closed","ping_status":"closed","sticky":false,"template":"","format":"standard","meta":{"_joinchat":[],"footnotes":""},"categories":[39],"tags":[],"class_list":["post-20693","post","type-post","status-publish","format-standard","has-post-thumbnail","hentry","category-en-esta-seccion"],"_links":{"self":[{"href":"https:\/\/www.elpolitologoyelpolitico.com.ar\/wordpress\/wp-json\/wp\/v2\/posts\/20693","targetHints":{"allow":["GET"]}}],"collection":[{"href":"https:\/\/www.elpolitologoyelpolitico.com.ar\/wordpress\/wp-json\/wp\/v2\/posts"}],"about":[{"href":"https:\/\/www.elpolitologoyelpolitico.com.ar\/wordpress\/wp-json\/wp\/v2\/types\/post"}],"author":[{"embeddable":true,"href":"https:\/\/www.elpolitologoyelpolitico.com.ar\/wordpress\/wp-json\/wp\/v2\/users\/4"}],"replies":[{"embeddable":true,"href":"https:\/\/www.elpolitologoyelpolitico.com.ar\/wordpress\/wp-json\/wp\/v2\/comments?post=20693"}],"version-history":[{"count":0,"href":"https:\/\/www.elpolitologoyelpolitico.com.ar\/wordpress\/wp-json\/wp\/v2\/posts\/20693\/revisions"}],"wp:featuredmedia":[{"embeddable":true,"href":"https:\/\/www.elpolitologoyelpolitico.com.ar\/wordpress\/wp-json\/wp\/v2\/media\/20694"}],"wp:attachment":[{"href":"https:\/\/www.elpolitologoyelpolitico.com.ar\/wordpress\/wp-json\/wp\/v2\/media?parent=20693"}],"wp:term":[{"taxonomy":"category","embeddable":true,"href":"https:\/\/www.elpolitologoyelpolitico.com.ar\/wordpress\/wp-json\/wp\/v2\/categories?post=20693"},{"taxonomy":"post_tag","embeddable":true,"href":"https:\/\/www.elpolitologoyelpolitico.com.ar\/wordpress\/wp-json\/wp\/v2\/tags?post=20693"}],"curies":[{"name":"wp","href":"https:\/\/api.w.org\/{rel}","templated":true}]}}