{"id":20654,"date":"2022-05-22T02:27:28","date_gmt":"2022-05-22T02:27:28","guid":{"rendered":"https:\/\/www.elpolitologoyelpolitico.com.ar\/wordpress\/?p=20654"},"modified":"2022-05-22T02:27:30","modified_gmt":"2022-05-22T02:27:30","slug":"rio-negro-se-presento-el-plan-calor-2022","status":"publish","type":"post","link":"https:\/\/www.elpolitologoyelpolitico.com.ar\/wordpress\/2022\/05\/22\/rio-negro-se-presento-el-plan-calor-2022\/","title":{"rendered":"R\u00cdO NEGRO: Se present\u00f3 el Plan Calor 2022"},"content":{"rendered":"\n<p><\/p>\n\n\n\n<p>La Gobernadora Arabela Carreras present\u00f3 en Bariloche el Plan Calor 2022, una pol\u00edtica p\u00fablica transversal e hist\u00f3rica en R\u00edo Negro que acompa\u00f1a a miles de familias de las zonas m\u00e1s fr\u00edas, brindando insumos para calefaccionarse. La Provincia invertir\u00e1 casi $900.000.000 en total para llevar garrafas, llenar garrafones y distribuir le\u00f1a a pobladores.<\/p>\n\n\n\n<p>\u201cR\u00edo Negro llega hasta cada poblador con soluciones para el invierno, es una pol\u00edtica p\u00fablica que empez\u00f3 con Alberto Weretilneck y se convirti\u00f3 en una herramienta que no existe en otras provincias\u201d, expres\u00f3 Carreras. La Gobernadora hizo la presentaci\u00f3n junto a la secretaria de Estado de Energ\u00eda de R\u00edo Negro, Andrea Confini, ante las juntas vecinales de la ciudad.<\/p>\n\n\n\n<p>Este programa comienza a ejecutarse en febrero e incluye trasversalmente a varios organismos del Estado provincial, a los que se suman decenas de municipalidades, juntas vecinales y comisiones de fomento, que se ocupan del relevamiento de vecinos y pobladores que necesitan el beneficio.<\/p>\n\n\n\n<p>Carreras destac\u00f3 que junto al Plan Calor hay programas de distribuci\u00f3n de alimentos o fardos para productores, por lo que \u201cel Estado provincial tiene una presencia permanente en todos los lugares en donde un poblador lo necesite\u201d.<\/p>\n\n\n\n<p>Indic\u00f3 que a la par del gran esfuerzo y los recursos que demanda el Plan Calor, el Gobierno trabaja para cambiar la matriz energ\u00e9tica del invierno y ampliar conexiones de gas natural. Anticip\u00f3 que para la primavera estiman inaugurar el Gasoducto de la Regi\u00f3n Sur, que llevar\u00e1 el servicio a Maquinchao, Los Menucos y varios parajes rurales.<\/p>\n\n\n\n<p>\u201cEstamos orgullosos de ser parte de un proyecto pol\u00edtico que hace diez a\u00f1os trabaja con esta l\u00f3gica de distribuci\u00f3n de beneficios a quienes m\u00e1s los necesitan\u201d, sostuvo.<\/p>\n\n\n\n<p>A su vez, la Secretaria Confini describi\u00f3 en detalle la organizaci\u00f3n y ejecuci\u00f3n del Plan Calor, que este lunes y por 20 semanas incluye la distribuci\u00f3n de 107.000 garrafas para alcanzar a 8.146 familias. De ese total el 63% va hacia la Zona Andina, a Bariloche en mayor medida, donde alcanza a 3.960 beneficiarios.<\/p>\n\n\n\n<p>La recarga regular de garrafones o \u201cchanchitas\u201d como se conocen, se agregan al Plan Calor con la distribuci\u00f3n de le\u00f1a, que el Gobierno provincial hace junto a los municipios y comisiones de fomento.<\/p>\n\n\n\n<p>Confini indic\u00f3 que la inversi\u00f3n en el sistema de garrafas de este a\u00f1o es de un 57% m\u00e1s que en 2021, a\u00fan cuando muchas familias dejaron de demandar esta asistencia porque se conectaron al gas o lograron empleo.<\/p>\n\n\n\n<p>Cabe aclarar que paralelamente, a trav\u00e9s del Plan Calor tambi\u00e9n contin\u00faa la entrega de le\u00f1a en parajes rionegrinos. Ya se distribuyeron m\u00e1s de 2.900.000 kilos de le\u00f1a y se trabaja intensamente para completar el operativo en tiempo y forma, antes de la llegada de las temperaturas m\u00e1s bajas.<\/p>\n\n\n\n<p>La Gobernadora estuvo acompa\u00f1ada en el acto por, la intendenta de Dina Huapi, M\u00f3nica Balseiro, N\u00e9stor Ayuelef (Pilcaniyeu), Ra\u00fal Hermosilla (Comallo), Yamila Direne (Valcheta) y Felix Moussa (\u00d1orquinco), adem\u00e1s del director de Comisiones de Fomento, Ramiro Fuentes Vivanco, comisionados de fomento, referentes de juntas vecinales, legisladores, concejales, autoridades municipales y provinciales.<\/p>\n\n\n\n<figure class=\"wp-block-gallery has-nested-images columns-default is-cropped wp-block-gallery-1 is-layout-flex wp-block-gallery-is-layout-flex\">\n<figure class=\"wp-block-image size-large\"><img fetchpriority=\"high\" decoding=\"async\" width=\"1024\" height=\"682\" data-id=\"20656\" src=\"https:\/\/www.elpolitologoyelpolitico.com.ar\/wp-content\/uploads\/2022\/05\/IMG-20220521-WA0053-1024x682.jpg\" alt=\"\" class=\"wp-image-20656\" srcset=\"https:\/\/www.elpolitologoyelpolitico.com.ar\/wp-content\/uploads\/2022\/05\/IMG-20220521-WA0053-1024x682.jpg 1024w, https:\/\/www.elpolitologoyelpolitico.com.ar\/wp-content\/uploads\/2022\/05\/IMG-20220521-WA0053-300x200.jpg 300w, https:\/\/www.elpolitologoyelpolitico.com.ar\/wp-content\/uploads\/2022\/05\/IMG-20220521-WA0053-768x512.jpg 768w, https:\/\/www.elpolitologoyelpolitico.com.ar\/wp-content\/uploads\/2022\/05\/IMG-20220521-WA0053.jpg 1280w\" sizes=\"(max-width: 1024px) 100vw, 1024px\" \/><\/figure>\n<\/figure>\n<div class=\"fb-background-color\">\n\t\t\t  <div \n\t\t\t  \tclass = \"fb-comments\" \n\t\t\t  \tdata-href = \"https:\/\/www.elpolitologoyelpolitico.com.ar\/wordpress\/2022\/05\/22\/rio-negro-se-presento-el-plan-calor-2022\/\"\n\t\t\t  \tdata-numposts = \"10\"\n\t\t\t  \tdata-lazy = \"true\"\n\t\t\t\tdata-colorscheme = \"light\"\n\t\t\t\tdata-order-by = \"social\"\n\t\t\t\tdata-mobile=true>\n\t\t\t  <\/div><\/div>\n\t\t  <style>\n\t\t    .fb-background-color {\n\t\t\t\tbackground: #ffffff !important;\n\t\t\t}\n\t\t\t.fb_iframe_widget_fluid_desktop iframe {\n\t\t\t    width: 100% !important;\n\t\t\t}\n\t\t  <\/style>\n\t\t  ","protected":false},"excerpt":{"rendered":"<p>La Gobernadora Arabela Carreras present\u00f3 en Bariloche el Plan Calor 2022, una pol\u00edtica p\u00fablica transversal e hist\u00f3rica en R\u00edo Negro que acompa\u00f1a a miles de familias de las zonas m\u00e1s fr\u00edas, brindando insumos para calefaccionarse. La Provincia invertir\u00e1 casi $900.000.000 en total para llevar garrafas, llenar garrafones y distribuir le\u00f1a a pobladores. \u201cR\u00edo Negro llega [&hellip;]<\/p>\n","protected":false},"author":4,"featured_media":20655,"comment_status":"closed","ping_status":"closed","sticky":false,"template":"","format":"standard","meta":{"_joinchat":[],"footnotes":""},"categories":[39],"tags":[],"class_list":["post-20654","post","type-post","status-publish","format-standard","has-post-thumbnail","hentry","category-en-esta-seccion"],"_links":{"self":[{"href":"https:\/\/www.elpolitologoyelpolitico.com.ar\/wordpress\/wp-json\/wp\/v2\/posts\/20654","targetHints":{"allow":["GET"]}}],"collection":[{"href":"https:\/\/www.elpolitologoyelpolitico.com.ar\/wordpress\/wp-json\/wp\/v2\/posts"}],"about":[{"href":"https:\/\/www.elpolitologoyelpolitico.com.ar\/wordpress\/wp-json\/wp\/v2\/types\/post"}],"author":[{"embeddable":true,"href":"https:\/\/www.elpolitologoyelpolitico.com.ar\/wordpress\/wp-json\/wp\/v2\/users\/4"}],"replies":[{"embeddable":true,"href":"https:\/\/www.elpolitologoyelpolitico.com.ar\/wordpress\/wp-json\/wp\/v2\/comments?post=20654"}],"version-history":[{"count":0,"href":"https:\/\/www.elpolitologoyelpolitico.com.ar\/wordpress\/wp-json\/wp\/v2\/posts\/20654\/revisions"}],"wp:featuredmedia":[{"embeddable":true,"href":"https:\/\/www.elpolitologoyelpolitico.com.ar\/wordpress\/wp-json\/wp\/v2\/media\/20655"}],"wp:attachment":[{"href":"https:\/\/www.elpolitologoyelpolitico.com.ar\/wordpress\/wp-json\/wp\/v2\/media?parent=20654"}],"wp:term":[{"taxonomy":"category","embeddable":true,"href":"https:\/\/www.elpolitologoyelpolitico.com.ar\/wordpress\/wp-json\/wp\/v2\/categories?post=20654"},{"taxonomy":"post_tag","embeddable":true,"href":"https:\/\/www.elpolitologoyelpolitico.com.ar\/wordpress\/wp-json\/wp\/v2\/tags?post=20654"}],"curies":[{"name":"wp","href":"https:\/\/api.w.org\/{rel}","templated":true}]}}