{"id":20651,"date":"2022-05-22T02:17:21","date_gmt":"2022-05-22T02:17:21","guid":{"rendered":"https:\/\/www.elpolitologoyelpolitico.com.ar\/wordpress\/?p=20651"},"modified":"2022-05-22T02:17:23","modified_gmt":"2022-05-22T02:17:23","slug":"charla-debate-para-construir-espacios-no-excluyentes","status":"publish","type":"post","link":"https:\/\/www.elpolitologoyelpolitico.com.ar\/wordpress\/2022\/05\/22\/charla-debate-para-construir-espacios-no-excluyentes\/","title":{"rendered":"Charla debate para \u00abConstruir espacios no excluyentes\u00bb"},"content":{"rendered":"\n<p><\/p>\n\n\n\n<p>El gobierno de Viedma, a trav\u00e9s de la subsecretaria de Coordinaci\u00f3n, Derechos Humanos y Equidad Ciudadana, llevar\u00e1 adelante la charla\/ debate \u00abConstuyendo Espacios no Excluyentes\u00bb.<\/p>\n\n\n\n<p>La misma ser\u00e1 el pr\u00f3ximo 24 de mayo a las 18hs en la sala Alcides Biagetti del Centro Municipal de Cultura.<\/p>\n\n\n\n<p>El objetivo del encuentro ser\u00e1 fortalecer las intervenciones con las infancias y adolescencias, para colaborar en la construcci\u00f3n colectiva de espacios no excluyentes.<\/p>\n\n\n\n<p>Participar\u00e1n como dicertantes: la Dra. Anah\u00ed Mondillo (Endocrinolog\u00eda y Diversidad), Florencia Arraigada (Mujer Trans, Referenbte del Colectivo Trans de Viedma), Coti Irusta (Mam\u00e1 de Luca).<\/p>\n\n\n\n<p>Esta actividad se lleva adelante en el marco del D\u00eda Municipal de Lucha contra la Discriminaci\u00f3n por Orientaci\u00f3n Sexual e Identidad de G\u00e9nero que se conmemor\u00f3 el pasado 17 de mayo, fecha establecida por ordenanza municipal<\/p>\n\n\n\n<p><strong>Ordenza N\u00b07749<\/strong><\/p>\n\n\n\n<p>A partir de avances a nivel nacional y mundial en materia de consagraci\u00f3n de derechos para todas las personas, el Concejo Deliberante local, en el a\u00f1o 2016 sanciona la ordenanza N\u00b0 7749 que establece el D\u00eda Municipal de Lucha contra la Discriminaci\u00f3n por Orientaci\u00f3n Sexual e Identidad de G\u00e9nero.<\/p>\n\n\n\n<p>A partir de esta sanci\u00f3n se prev\u00e9 la realizaci\u00f3n de actividades y propuestas relacionadas con la tem\u00e1tica para promover \u00e1mbitos de inclusi\u00f3n e integraci\u00f3n de toda la comunidad.<\/p>\n<div class=\"fb-background-color\">\n\t\t\t  <div \n\t\t\t  \tclass = \"fb-comments\" \n\t\t\t  \tdata-href = \"https:\/\/www.elpolitologoyelpolitico.com.ar\/wordpress\/2022\/05\/22\/charla-debate-para-construir-espacios-no-excluyentes\/\"\n\t\t\t  \tdata-numposts = \"10\"\n\t\t\t  \tdata-lazy = \"true\"\n\t\t\t\tdata-colorscheme = \"light\"\n\t\t\t\tdata-order-by = \"social\"\n\t\t\t\tdata-mobile=true>\n\t\t\t  <\/div><\/div>\n\t\t  <style>\n\t\t    .fb-background-color {\n\t\t\t\tbackground: #ffffff !important;\n\t\t\t}\n\t\t\t.fb_iframe_widget_fluid_desktop iframe {\n\t\t\t    width: 100% !important;\n\t\t\t}\n\t\t  <\/style>\n\t\t  ","protected":false},"excerpt":{"rendered":"<p>El gobierno de Viedma, a trav\u00e9s de la subsecretaria de Coordinaci\u00f3n, Derechos Humanos y Equidad Ciudadana, llevar\u00e1 adelante la charla\/ debate \u00abConstuyendo Espacios no Excluyentes\u00bb. La misma ser\u00e1 el pr\u00f3ximo 24 de mayo a las 18hs en la sala Alcides Biagetti del Centro Municipal de Cultura. El objetivo del encuentro ser\u00e1 fortalecer las intervenciones con [&hellip;]<\/p>\n","protected":false},"author":4,"featured_media":20652,"comment_status":"closed","ping_status":"closed","sticky":false,"template":"","format":"standard","meta":{"_joinchat":[],"footnotes":""},"categories":[39],"tags":[],"class_list":["post-20651","post","type-post","status-publish","format-standard","has-post-thumbnail","hentry","category-en-esta-seccion"],"_links":{"self":[{"href":"https:\/\/www.elpolitologoyelpolitico.com.ar\/wordpress\/wp-json\/wp\/v2\/posts\/20651","targetHints":{"allow":["GET"]}}],"collection":[{"href":"https:\/\/www.elpolitologoyelpolitico.com.ar\/wordpress\/wp-json\/wp\/v2\/posts"}],"about":[{"href":"https:\/\/www.elpolitologoyelpolitico.com.ar\/wordpress\/wp-json\/wp\/v2\/types\/post"}],"author":[{"embeddable":true,"href":"https:\/\/www.elpolitologoyelpolitico.com.ar\/wordpress\/wp-json\/wp\/v2\/users\/4"}],"replies":[{"embeddable":true,"href":"https:\/\/www.elpolitologoyelpolitico.com.ar\/wordpress\/wp-json\/wp\/v2\/comments?post=20651"}],"version-history":[{"count":0,"href":"https:\/\/www.elpolitologoyelpolitico.com.ar\/wordpress\/wp-json\/wp\/v2\/posts\/20651\/revisions"}],"wp:featuredmedia":[{"embeddable":true,"href":"https:\/\/www.elpolitologoyelpolitico.com.ar\/wordpress\/wp-json\/wp\/v2\/media\/20652"}],"wp:attachment":[{"href":"https:\/\/www.elpolitologoyelpolitico.com.ar\/wordpress\/wp-json\/wp\/v2\/media?parent=20651"}],"wp:term":[{"taxonomy":"category","embeddable":true,"href":"https:\/\/www.elpolitologoyelpolitico.com.ar\/wordpress\/wp-json\/wp\/v2\/categories?post=20651"},{"taxonomy":"post_tag","embeddable":true,"href":"https:\/\/www.elpolitologoyelpolitico.com.ar\/wordpress\/wp-json\/wp\/v2\/tags?post=20651"}],"curies":[{"name":"wp","href":"https:\/\/api.w.org\/{rel}","templated":true}]}}