{"id":20629,"date":"2022-05-20T21:33:14","date_gmt":"2022-05-20T21:33:14","guid":{"rendered":"https:\/\/www.elpolitologoyelpolitico.com.ar\/wordpress\/?p=20629"},"modified":"2022-05-20T21:33:16","modified_gmt":"2022-05-20T21:33:16","slug":"concierto-de-bronces-del-atlantico-junto-a-martin-ledezma-en-el-centro-cultural","status":"publish","type":"post","link":"https:\/\/www.elpolitologoyelpolitico.com.ar\/wordpress\/2022\/05\/20\/concierto-de-bronces-del-atlantico-junto-a-martin-ledezma-en-el-centro-cultural\/","title":{"rendered":"Concierto de Bronces del Atl\u00e1ntico junto a Mart\u00edn Ledezma en el Centro Cultural"},"content":{"rendered":"\n<p><\/p>\n\n\n\n<p>Ma\u00f1ana, viernes 20 de mayo a las 21 hs. se presentar\u00e1 el Ensamble de Bronces de la Filarm\u00f3nica en el Centro Municipal de Cultura de Viedma, con entrada libre y gratuita.<\/p>\n\n\n\n<p>El concierto se realizar\u00e1 junto al cantautor Martin Ledezma, contando adem\u00e1s con la participaci\u00f3n de Juanchi Curayan en la guitarra. El repertorio promete m\u00fasica para todos los gustos incluyendo canciones del propio cantautor as\u00ed como tangos de Gardel, Matos Rodriguez y Piazzolla.<\/p>\n\n\n\n<p>Martin Ledezma, cantautor autodidacta viedmense, se encuentra actualmente en proceso de grabaci\u00f3n de su segundo disco que lleva el nombre Como el Sur; con aires de estilos bossa nova, candombe, pop y folklore.<\/p>\n\n\n\n<p>Bronces del Atl\u00e1ntico est\u00e1 formado por Jair Rodriguez en trompeta, Carlos Mirelles en el corno franc\u00e9s, Gast\u00f3n Basegio en tromb\u00f3n y Natalia Gonz\u00e1lez en tuba.<\/p>\n\n\n\n<p>Estas presentaciones son posibles gracias al trabajo conjunto entre la Secretar\u00eda de Estado de Cultura y la Municipalidad de Viedma a trav\u00e9s de acuerdos de mutua colaboraci\u00f3n firmados en el presente a\u00f1o.<\/p>\n\n\n\n<p>Bronces del Atl\u00e1ntico forma parte de la Orquesta Filarm\u00f3nica de R\u00edo Negro y depende de la Secretar\u00eda de Estado de Cultura de R\u00edo Negro.<\/p>\n<div class=\"fb-background-color\">\n\t\t\t  <div \n\t\t\t  \tclass = \"fb-comments\" \n\t\t\t  \tdata-href = \"https:\/\/www.elpolitologoyelpolitico.com.ar\/wordpress\/2022\/05\/20\/concierto-de-bronces-del-atlantico-junto-a-martin-ledezma-en-el-centro-cultural\/\"\n\t\t\t  \tdata-numposts = \"10\"\n\t\t\t  \tdata-lazy = \"true\"\n\t\t\t\tdata-colorscheme = \"light\"\n\t\t\t\tdata-order-by = \"social\"\n\t\t\t\tdata-mobile=true>\n\t\t\t  <\/div><\/div>\n\t\t  <style>\n\t\t    .fb-background-color {\n\t\t\t\tbackground: #ffffff !important;\n\t\t\t}\n\t\t\t.fb_iframe_widget_fluid_desktop iframe {\n\t\t\t    width: 100% !important;\n\t\t\t}\n\t\t  <\/style>\n\t\t  ","protected":false},"excerpt":{"rendered":"<p>Ma\u00f1ana, viernes 20 de mayo a las 21 hs. se presentar\u00e1 el Ensamble de Bronces de la Filarm\u00f3nica en el Centro Municipal de Cultura de Viedma, con entrada libre y gratuita. El concierto se realizar\u00e1 junto al cantautor Martin Ledezma, contando adem\u00e1s con la participaci\u00f3n de Juanchi Curayan en la guitarra. El repertorio promete m\u00fasica [&hellip;]<\/p>\n","protected":false},"author":4,"featured_media":20630,"comment_status":"closed","ping_status":"closed","sticky":false,"template":"","format":"standard","meta":{"_joinchat":[],"footnotes":""},"categories":[39],"tags":[],"class_list":["post-20629","post","type-post","status-publish","format-standard","has-post-thumbnail","hentry","category-en-esta-seccion"],"_links":{"self":[{"href":"https:\/\/www.elpolitologoyelpolitico.com.ar\/wordpress\/wp-json\/wp\/v2\/posts\/20629","targetHints":{"allow":["GET"]}}],"collection":[{"href":"https:\/\/www.elpolitologoyelpolitico.com.ar\/wordpress\/wp-json\/wp\/v2\/posts"}],"about":[{"href":"https:\/\/www.elpolitologoyelpolitico.com.ar\/wordpress\/wp-json\/wp\/v2\/types\/post"}],"author":[{"embeddable":true,"href":"https:\/\/www.elpolitologoyelpolitico.com.ar\/wordpress\/wp-json\/wp\/v2\/users\/4"}],"replies":[{"embeddable":true,"href":"https:\/\/www.elpolitologoyelpolitico.com.ar\/wordpress\/wp-json\/wp\/v2\/comments?post=20629"}],"version-history":[{"count":0,"href":"https:\/\/www.elpolitologoyelpolitico.com.ar\/wordpress\/wp-json\/wp\/v2\/posts\/20629\/revisions"}],"wp:featuredmedia":[{"embeddable":true,"href":"https:\/\/www.elpolitologoyelpolitico.com.ar\/wordpress\/wp-json\/wp\/v2\/media\/20630"}],"wp:attachment":[{"href":"https:\/\/www.elpolitologoyelpolitico.com.ar\/wordpress\/wp-json\/wp\/v2\/media?parent=20629"}],"wp:term":[{"taxonomy":"category","embeddable":true,"href":"https:\/\/www.elpolitologoyelpolitico.com.ar\/wordpress\/wp-json\/wp\/v2\/categories?post=20629"},{"taxonomy":"post_tag","embeddable":true,"href":"https:\/\/www.elpolitologoyelpolitico.com.ar\/wordpress\/wp-json\/wp\/v2\/tags?post=20629"}],"curies":[{"name":"wp","href":"https:\/\/api.w.org\/{rel}","templated":true}]}}