{"id":20626,"date":"2022-05-20T17:56:11","date_gmt":"2022-05-20T17:56:11","guid":{"rendered":"https:\/\/www.elpolitologoyelpolitico.com.ar\/wordpress\/?p=20626"},"modified":"2022-05-20T17:56:13","modified_gmt":"2022-05-20T17:56:13","slug":"el-lunes-30-de-mayo-la-oficina-de-empleo-brindara-asesoramiento-en-juan-a-pradere","status":"publish","type":"post","link":"https:\/\/www.elpolitologoyelpolitico.com.ar\/wordpress\/2022\/05\/20\/el-lunes-30-de-mayo-la-oficina-de-empleo-brindara-asesoramiento-en-juan-a-pradere\/","title":{"rendered":"El lunes 30 de mayo, la Oficina de Empleo brindar\u00e1 asesoramiento en Juan A. Pradere"},"content":{"rendered":"\n<p><\/p>\n\n\n\n<p>El pr\u00f3ximo lunes, 30 de mayo, personal de la Oficina Municipal de Empleo se har\u00e1 presente en la localidad de Juan A. Pradere.&nbsp;<\/p>\n\n\n\n<p>Lo anunci\u00f3 su titular, Stella Fibiger, que coordin\u00f3 la jornada con la delegada municipal, Rosana Teruel.&nbsp;<\/p>\n\n\n\n<p>\u201cEl objetivo es ofrecer informaci\u00f3n con respecto a los programas del Ministerio de Trabajo, Empleo y Seguridad Social de la Naci\u00f3n, que se encuentran vigentes en el Distrito, para las personas que se quieran inscribir en ellos\u201d, indic\u00f3 Fibiger.&nbsp;&nbsp;<\/p>\n\n\n\n<p>La jornada se desarrollar\u00e1 desde las 9 a las 12 horas, en la Delegaci\u00f3n Municipal.<\/p>\n<div class=\"fb-background-color\">\n\t\t\t  <div \n\t\t\t  \tclass = \"fb-comments\" \n\t\t\t  \tdata-href = \"https:\/\/www.elpolitologoyelpolitico.com.ar\/wordpress\/2022\/05\/20\/el-lunes-30-de-mayo-la-oficina-de-empleo-brindara-asesoramiento-en-juan-a-pradere\/\"\n\t\t\t  \tdata-numposts = \"10\"\n\t\t\t  \tdata-lazy = \"true\"\n\t\t\t\tdata-colorscheme = \"light\"\n\t\t\t\tdata-order-by = \"social\"\n\t\t\t\tdata-mobile=true>\n\t\t\t  <\/div><\/div>\n\t\t  <style>\n\t\t    .fb-background-color {\n\t\t\t\tbackground: #ffffff !important;\n\t\t\t}\n\t\t\t.fb_iframe_widget_fluid_desktop iframe {\n\t\t\t    width: 100% !important;\n\t\t\t}\n\t\t  <\/style>\n\t\t  ","protected":false},"excerpt":{"rendered":"<p>El pr\u00f3ximo lunes, 30 de mayo, personal de la Oficina Municipal de Empleo se har\u00e1 presente en la localidad de Juan A. Pradere.&nbsp; Lo anunci\u00f3 su titular, Stella Fibiger, que coordin\u00f3 la jornada con la delegada municipal, Rosana Teruel.&nbsp; \u201cEl objetivo es ofrecer informaci\u00f3n con respecto a los programas del Ministerio de Trabajo, Empleo y [&hellip;]<\/p>\n","protected":false},"author":4,"featured_media":20627,"comment_status":"closed","ping_status":"closed","sticky":false,"template":"","format":"standard","meta":{"_joinchat":[],"footnotes":""},"categories":[39],"tags":[],"class_list":["post-20626","post","type-post","status-publish","format-standard","has-post-thumbnail","hentry","category-en-esta-seccion"],"_links":{"self":[{"href":"https:\/\/www.elpolitologoyelpolitico.com.ar\/wordpress\/wp-json\/wp\/v2\/posts\/20626","targetHints":{"allow":["GET"]}}],"collection":[{"href":"https:\/\/www.elpolitologoyelpolitico.com.ar\/wordpress\/wp-json\/wp\/v2\/posts"}],"about":[{"href":"https:\/\/www.elpolitologoyelpolitico.com.ar\/wordpress\/wp-json\/wp\/v2\/types\/post"}],"author":[{"embeddable":true,"href":"https:\/\/www.elpolitologoyelpolitico.com.ar\/wordpress\/wp-json\/wp\/v2\/users\/4"}],"replies":[{"embeddable":true,"href":"https:\/\/www.elpolitologoyelpolitico.com.ar\/wordpress\/wp-json\/wp\/v2\/comments?post=20626"}],"version-history":[{"count":0,"href":"https:\/\/www.elpolitologoyelpolitico.com.ar\/wordpress\/wp-json\/wp\/v2\/posts\/20626\/revisions"}],"wp:featuredmedia":[{"embeddable":true,"href":"https:\/\/www.elpolitologoyelpolitico.com.ar\/wordpress\/wp-json\/wp\/v2\/media\/20627"}],"wp:attachment":[{"href":"https:\/\/www.elpolitologoyelpolitico.com.ar\/wordpress\/wp-json\/wp\/v2\/media?parent=20626"}],"wp:term":[{"taxonomy":"category","embeddable":true,"href":"https:\/\/www.elpolitologoyelpolitico.com.ar\/wordpress\/wp-json\/wp\/v2\/categories?post=20626"},{"taxonomy":"post_tag","embeddable":true,"href":"https:\/\/www.elpolitologoyelpolitico.com.ar\/wordpress\/wp-json\/wp\/v2\/tags?post=20626"}],"curies":[{"name":"wp","href":"https:\/\/api.w.org\/{rel}","templated":true}]}}