{"id":20621,"date":"2022-05-20T17:14:05","date_gmt":"2022-05-20T17:14:05","guid":{"rendered":"https:\/\/www.elpolitologoyelpolitico.com.ar\/wordpress\/?p=20621"},"modified":"2022-05-20T17:14:06","modified_gmt":"2022-05-20T17:14:06","slug":"hoy-a-las-15hs-quedara-sincronizada-la-onda-verde-en-25-de-mayo-y-caseros","status":"publish","type":"post","link":"https:\/\/www.elpolitologoyelpolitico.com.ar\/wordpress\/2022\/05\/20\/hoy-a-las-15hs-quedara-sincronizada-la-onda-verde-en-25-de-mayo-y-caseros\/","title":{"rendered":"Hoy a las 15hs, quedar\u00e1 sincronizada la Onda Verde en 25 de Mayo y Caseros"},"content":{"rendered":"\n<p><\/p>\n\n\n\n<p>Luego de las pruebas t\u00e9cnicas, y la configuraci\u00f3n final de los controladores, las 17 intersecciones desde Caseros y Estados Unidos, hasta 25 de Mayo y Sarmiento, contar\u00e1n con sem\u00e1foros sincronizados a una velocidad de 40km\/h.<\/p>\n\n\n\n<p>\u00abEsta Onda Verde, se pudo lograr despu\u00e9s una obra importante que llev\u00f3 adelante el Gobierno de Viedma con fondos propios, instalando sem\u00e1foros en 9 esquinas nuevas que se sumaron a las 8 ya existentes, con controladores modernos que permiten dicha sincronizaci\u00f3n para un tr\u00e1fico fluido y \u00e1gil, adem\u00e1s de sem\u00e1foros peatonales en esquinas concurridas, a las que se sumar\u00e1n en los pr\u00f3ximos d\u00edas los artefactos sonoros para personas ciegas y con disminuci\u00f3n visual\u00bb se\u00f1al\u00f3 el Secretario de Servicios, Espacio P\u00fablico y Ambiente de Viedma, Gast\u00f3n Guti\u00e9rrez.<\/p>\n\n\n\n<p>El trabajo llevado adelante, implica la prohibici\u00f3n de girar a la izquierda en todo el trayecto, ya que para poder sincronizar la Onda Verde no puede haber esquinas cuyos controladores tenga m\u00e1s o menos movimientos que los dem\u00e1s.<\/p>\n\n\n\n<p>\u00abEs una obra que brinda tanto seguridad vial como peatonal, jerarquiza la ciudad capital, genera circulaci\u00f3n fluida y din\u00e1mica en su traza, y en las arterias paralelas.\u00bb a\u00f1adi\u00f3 el funcionario municipal.<\/p>\n\n\n\n<figure class=\"wp-block-gallery has-nested-images columns-default is-cropped wp-block-gallery-1 is-layout-flex wp-block-gallery-is-layout-flex\">\n<figure class=\"wp-block-image size-large\"><img fetchpriority=\"high\" decoding=\"async\" width=\"1024\" height=\"576\" data-id=\"20623\" src=\"https:\/\/www.elpolitologoyelpolitico.com.ar\/wp-content\/uploads\/2022\/05\/IMG-20220520-WA0025-1024x576.jpg\" alt=\"\" class=\"wp-image-20623\" srcset=\"https:\/\/www.elpolitologoyelpolitico.com.ar\/wp-content\/uploads\/2022\/05\/IMG-20220520-WA0025-1024x576.jpg 1024w, https:\/\/www.elpolitologoyelpolitico.com.ar\/wp-content\/uploads\/2022\/05\/IMG-20220520-WA0025-300x169.jpg 300w, https:\/\/www.elpolitologoyelpolitico.com.ar\/wp-content\/uploads\/2022\/05\/IMG-20220520-WA0025-768x432.jpg 768w, https:\/\/www.elpolitologoyelpolitico.com.ar\/wp-content\/uploads\/2022\/05\/IMG-20220520-WA0025.jpg 1280w\" sizes=\"(max-width: 1024px) 100vw, 1024px\" \/><\/figure>\n\n\n\n<figure class=\"wp-block-image size-large\"><img decoding=\"async\" width=\"1024\" height=\"656\" data-id=\"20624\" src=\"https:\/\/www.elpolitologoyelpolitico.com.ar\/wp-content\/uploads\/2022\/05\/IMG-20220520-WA0026-1024x656.jpg\" alt=\"\" class=\"wp-image-20624\" srcset=\"https:\/\/www.elpolitologoyelpolitico.com.ar\/wp-content\/uploads\/2022\/05\/IMG-20220520-WA0026-1024x656.jpg 1024w, https:\/\/www.elpolitologoyelpolitico.com.ar\/wp-content\/uploads\/2022\/05\/IMG-20220520-WA0026-300x192.jpg 300w, https:\/\/www.elpolitologoyelpolitico.com.ar\/wp-content\/uploads\/2022\/05\/IMG-20220520-WA0026-768x492.jpg 768w, https:\/\/www.elpolitologoyelpolitico.com.ar\/wp-content\/uploads\/2022\/05\/IMG-20220520-WA0026.jpg 1248w\" sizes=\"(max-width: 1024px) 100vw, 1024px\" \/><\/figure>\n<\/figure>\n<div class=\"fb-background-color\">\n\t\t\t  <div \n\t\t\t  \tclass = \"fb-comments\" \n\t\t\t  \tdata-href = \"https:\/\/www.elpolitologoyelpolitico.com.ar\/wordpress\/2022\/05\/20\/hoy-a-las-15hs-quedara-sincronizada-la-onda-verde-en-25-de-mayo-y-caseros\/\"\n\t\t\t  \tdata-numposts = \"10\"\n\t\t\t  \tdata-lazy = \"true\"\n\t\t\t\tdata-colorscheme = \"light\"\n\t\t\t\tdata-order-by = \"social\"\n\t\t\t\tdata-mobile=true>\n\t\t\t  <\/div><\/div>\n\t\t  <style>\n\t\t    .fb-background-color {\n\t\t\t\tbackground: #ffffff !important;\n\t\t\t}\n\t\t\t.fb_iframe_widget_fluid_desktop iframe {\n\t\t\t    width: 100% !important;\n\t\t\t}\n\t\t  <\/style>\n\t\t  ","protected":false},"excerpt":{"rendered":"<p>Luego de las pruebas t\u00e9cnicas, y la configuraci\u00f3n final de los controladores, las 17 intersecciones desde Caseros y Estados Unidos, hasta 25 de Mayo y Sarmiento, contar\u00e1n con sem\u00e1foros sincronizados a una velocidad de 40km\/h. \u00abEsta Onda Verde, se pudo lograr despu\u00e9s una obra importante que llev\u00f3 adelante el Gobierno de Viedma con fondos propios, [&hellip;]<\/p>\n","protected":false},"author":4,"featured_media":20622,"comment_status":"closed","ping_status":"closed","sticky":false,"template":"","format":"standard","meta":{"_joinchat":[],"footnotes":""},"categories":[39],"tags":[],"class_list":["post-20621","post","type-post","status-publish","format-standard","has-post-thumbnail","hentry","category-en-esta-seccion"],"_links":{"self":[{"href":"https:\/\/www.elpolitologoyelpolitico.com.ar\/wordpress\/wp-json\/wp\/v2\/posts\/20621","targetHints":{"allow":["GET"]}}],"collection":[{"href":"https:\/\/www.elpolitologoyelpolitico.com.ar\/wordpress\/wp-json\/wp\/v2\/posts"}],"about":[{"href":"https:\/\/www.elpolitologoyelpolitico.com.ar\/wordpress\/wp-json\/wp\/v2\/types\/post"}],"author":[{"embeddable":true,"href":"https:\/\/www.elpolitologoyelpolitico.com.ar\/wordpress\/wp-json\/wp\/v2\/users\/4"}],"replies":[{"embeddable":true,"href":"https:\/\/www.elpolitologoyelpolitico.com.ar\/wordpress\/wp-json\/wp\/v2\/comments?post=20621"}],"version-history":[{"count":0,"href":"https:\/\/www.elpolitologoyelpolitico.com.ar\/wordpress\/wp-json\/wp\/v2\/posts\/20621\/revisions"}],"wp:featuredmedia":[{"embeddable":true,"href":"https:\/\/www.elpolitologoyelpolitico.com.ar\/wordpress\/wp-json\/wp\/v2\/media\/20622"}],"wp:attachment":[{"href":"https:\/\/www.elpolitologoyelpolitico.com.ar\/wordpress\/wp-json\/wp\/v2\/media?parent=20621"}],"wp:term":[{"taxonomy":"category","embeddable":true,"href":"https:\/\/www.elpolitologoyelpolitico.com.ar\/wordpress\/wp-json\/wp\/v2\/categories?post=20621"},{"taxonomy":"post_tag","embeddable":true,"href":"https:\/\/www.elpolitologoyelpolitico.com.ar\/wordpress\/wp-json\/wp\/v2\/tags?post=20621"}],"curies":[{"name":"wp","href":"https:\/\/api.w.org\/{rel}","templated":true}]}}