{"id":20615,"date":"2022-05-20T15:34:50","date_gmt":"2022-05-20T15:34:50","guid":{"rendered":"https:\/\/www.elpolitologoyelpolitico.com.ar\/wordpress\/?p=20615"},"modified":"2022-05-20T15:34:52","modified_gmt":"2022-05-20T15:34:52","slug":"stroeder-preocupa-la-situacion-de-vulnerabilidad-de-vecinos-de-la-localidad","status":"publish","type":"post","link":"https:\/\/www.elpolitologoyelpolitico.com.ar\/wordpress\/2022\/05\/20\/stroeder-preocupa-la-situacion-de-vulnerabilidad-de-vecinos-de-la-localidad\/","title":{"rendered":"STROEDER, preocupa la situaci\u00f3n de vulnerabilidad de vecinos de la localidad."},"content":{"rendered":"\n<p><\/p>\n\n\n\n<p>Concejales del Frente de Todos recorrieron la localidad y mantuvieron reuniones con vecinos y el delegado de la localidad.<\/p>\n\n\n\n<p>En tal sentido, los concejales expresaron, la preocupaci\u00f3n acerca de la situaci\u00f3n de personas en situaci\u00f3n de extrema vulnerabilidad social en la localidad de Stroeder.<\/p>\n\n\n\n<p>\u00abTenemos conocimiento de la existencia de personas que viven en situaciones altamente precarias, lo que a nuestra consideraci\u00f3n los pondr\u00eda en situaci\u00f3n de calle.\u00bb remarcaron desde el bloque.<\/p>\n\n\n\n<p>Viviendas precarias, sin acceso a agua potable, sin ba\u00f1o, deficitariamente calefaccionadas ponen en riesgo la salud y hasta la vida de est\u00e1s personas.<\/p>\n\n\n\n<p>El dialogo con vecinos y la recorrida, nos demuestran, que las encuestas que se han hecho NO COINCIDEN con la realidad, (o las dibujaron o se equivocaron de viviendas) adem\u00e1s, recibieron quejas&nbsp; de&nbsp; maltrato de la asistetente Social de la localidad hacia las personas carenciadas.<\/p>\n\n\n\n<p>Finalmente los ediles, solicitaron el acompa\u00f1amiento a este reclamo, como as\u00ed tambi\u00e9n se aseguren los accesos de los mismos a los servicios b\u00e1sico con el fin de lograr mejorar la calidad de vida de est\u00e1s personas.<\/p>\n<div class=\"fb-background-color\">\n\t\t\t  <div \n\t\t\t  \tclass = \"fb-comments\" \n\t\t\t  \tdata-href = \"https:\/\/www.elpolitologoyelpolitico.com.ar\/wordpress\/2022\/05\/20\/stroeder-preocupa-la-situacion-de-vulnerabilidad-de-vecinos-de-la-localidad\/\"\n\t\t\t  \tdata-numposts = \"10\"\n\t\t\t  \tdata-lazy = \"true\"\n\t\t\t\tdata-colorscheme = \"light\"\n\t\t\t\tdata-order-by = \"social\"\n\t\t\t\tdata-mobile=true>\n\t\t\t  <\/div><\/div>\n\t\t  <style>\n\t\t    .fb-background-color {\n\t\t\t\tbackground: #ffffff !important;\n\t\t\t}\n\t\t\t.fb_iframe_widget_fluid_desktop iframe {\n\t\t\t    width: 100% !important;\n\t\t\t}\n\t\t  <\/style>\n\t\t  ","protected":false},"excerpt":{"rendered":"<p>Concejales del Frente de Todos recorrieron la localidad y mantuvieron reuniones con vecinos y el delegado de la localidad. En tal sentido, los concejales expresaron, la preocupaci\u00f3n acerca de la situaci\u00f3n de personas en situaci\u00f3n de extrema vulnerabilidad social en la localidad de Stroeder. \u00abTenemos conocimiento de la existencia de personas que viven en situaciones [&hellip;]<\/p>\n","protected":false},"author":4,"featured_media":20616,"comment_status":"closed","ping_status":"closed","sticky":false,"template":"","format":"standard","meta":{"_joinchat":[],"footnotes":""},"categories":[39],"tags":[],"class_list":["post-20615","post","type-post","status-publish","format-standard","has-post-thumbnail","hentry","category-en-esta-seccion"],"_links":{"self":[{"href":"https:\/\/www.elpolitologoyelpolitico.com.ar\/wordpress\/wp-json\/wp\/v2\/posts\/20615","targetHints":{"allow":["GET"]}}],"collection":[{"href":"https:\/\/www.elpolitologoyelpolitico.com.ar\/wordpress\/wp-json\/wp\/v2\/posts"}],"about":[{"href":"https:\/\/www.elpolitologoyelpolitico.com.ar\/wordpress\/wp-json\/wp\/v2\/types\/post"}],"author":[{"embeddable":true,"href":"https:\/\/www.elpolitologoyelpolitico.com.ar\/wordpress\/wp-json\/wp\/v2\/users\/4"}],"replies":[{"embeddable":true,"href":"https:\/\/www.elpolitologoyelpolitico.com.ar\/wordpress\/wp-json\/wp\/v2\/comments?post=20615"}],"version-history":[{"count":0,"href":"https:\/\/www.elpolitologoyelpolitico.com.ar\/wordpress\/wp-json\/wp\/v2\/posts\/20615\/revisions"}],"wp:featuredmedia":[{"embeddable":true,"href":"https:\/\/www.elpolitologoyelpolitico.com.ar\/wordpress\/wp-json\/wp\/v2\/media\/20616"}],"wp:attachment":[{"href":"https:\/\/www.elpolitologoyelpolitico.com.ar\/wordpress\/wp-json\/wp\/v2\/media?parent=20615"}],"wp:term":[{"taxonomy":"category","embeddable":true,"href":"https:\/\/www.elpolitologoyelpolitico.com.ar\/wordpress\/wp-json\/wp\/v2\/categories?post=20615"},{"taxonomy":"post_tag","embeddable":true,"href":"https:\/\/www.elpolitologoyelpolitico.com.ar\/wordpress\/wp-json\/wp\/v2\/tags?post=20615"}],"curies":[{"name":"wp","href":"https:\/\/api.w.org\/{rel}","templated":true}]}}