{"id":20599,"date":"2022-05-20T01:21:54","date_gmt":"2022-05-20T01:21:54","guid":{"rendered":"https:\/\/www.elpolitologoyelpolitico.com.ar\/wordpress\/?p=20599"},"modified":"2022-05-20T01:21:56","modified_gmt":"2022-05-20T01:21:56","slug":"el-dia-de-los-museos-concentra-las-actividades-el-proximo-fin-de-semana","status":"publish","type":"post","link":"https:\/\/www.elpolitologoyelpolitico.com.ar\/wordpress\/2022\/05\/20\/el-dia-de-los-museos-concentra-las-actividades-el-proximo-fin-de-semana\/","title":{"rendered":"El D\u00eda de los Museos concentra las actividades el pr\u00f3ximo fin de semana"},"content":{"rendered":"\n<p><\/p>\n\n\n\n<p>En el marco del D\u00eda Internacional de Los Museos, el gobierno de Viedma llevar\u00e1 adelante diversas actividades durante el pr\u00f3ximo fin de semana.<\/p>\n\n\n\n<p>Debido a que hoy 18 de mayo, el d\u00eda de los museos coincide con la realizaci\u00f3n del censo nacional, los d\u00edas s\u00e1bado 21 y domingo 22 los museos de nuestra ciudad estar\u00e1n abiertos de 14 a 19hs con entrada libre y gratuita.<\/p>\n\n\n\n<p>Durante los \u00faltimos meses, el municipio viedmense est\u00e1 trabajando en la puesta en valor y funcionamiento plenos de los espacios museol\u00f3gicos culturales que posee, articulando con los museos provinciales y de otras instituciones locales, dot\u00e1ndolo de din\u00e1mica y atractivo para sean espacios culturales y tur\u00edsticos para toda la comunidad.<\/p>\n\n\n\n<p>En esta celebraci\u00f3n el Museo Salesiano est\u00e1 inaugurando nueva panelear\u00eda informativa sobre la visita del Papa San Juan Pablo II a Viedma, como tambi\u00e9n un T\u00f3tem publicitario promocional de los Museos Municipales, por su parte el Museo Provincial Eugenio Tello est\u00e1 presentando las siguientes muestras: \u00abSedimentos\u00bb de la artista pl\u00e1stica Lucia Mingarro; \u00abSanar\u00bb de la fot\u00f3grafa jacobacina Macarena Batalla; \u00abCapitalidad\u00bb&nbsp; muestra hist\u00f3rica rionegrina; y \u00bb Viento y Mar\u00bb del artista pl\u00e1stico local Rodolfo Mastr\u00e1ngelo; mientras que la Asociaci\u00f3n Amigos de lo Nuestro se adhiere a estas celebraciones presentando una exposici\u00f3n de acuarelas titulada: \u201cMuestra de los Acuarelistas de la Comarca\u201d dirigidos por el maestro y artista pl\u00e1stico Dr. Rodolfo Guerrissi, el cual realizara una el s\u00e1bado una clase p\u00fablica en los salones de la Asociaci\u00f3n.<\/p>\n\n\n\n<p>D\u00eda Internacional de Los Museos<\/p>\n\n\n\n<p>Cada a\u00f1o desde 1977, el ICOM (Consejo Internacional de Museos) organiza el D\u00eda Internacional de los Museos, un momento excepcional para la comunidad muse\u00edstica internacional.<\/p>\n\n\n\n<p>El objetivo del D\u00eda Internacional de los Museos (DIM) es concienciar sobre el hecho de que los museos son un importante medio para el intercambio cultural, el enriquecimiento de las culturas, as\u00ed como para el desarrollo de la comprensi\u00f3n mutua, de la colaboraci\u00f3n y de la paz entre los pueblos, dotando a cada comunidad de Identidad y resguardo del Patrimonio tangible e intangible de los Pueblos.<\/p>\n\n\n\n<p>Organizados cada 18 de mayo o alrededor de esa fecha desde hace m\u00e1s de 40 a\u00f1os, los eventos y actividades planeados para celebrar el DIM pueden durar un d\u00eda, un fin de semana o incluso toda la semana. Cada vez son m\u00e1s los museos por todo el mundo que participan en esta celebraci\u00f3n mundial: el a\u00f1o pasado fueron 37.000 museos los que tomaron parte en el evento en 158 pa\u00edses y territorios y Viedma formo parte de estas celebraciones a nivel mundial.<\/p>\n\n\n\n<p>Este a\u00f1o la consigna de trabajo y celebraci\u00f3n es: \u201cEl Poder de los Museos\u201d.<\/p>\n\n\n\n<figure class=\"wp-block-image size-full\"><img fetchpriority=\"high\" decoding=\"async\" width=\"720\" height=\"405\" src=\"https:\/\/www.elpolitologoyelpolitico.com.ar\/wp-content\/uploads\/2022\/05\/IMG-20220519-WA0037.jpg\" alt=\"\" class=\"wp-image-20601\" srcset=\"https:\/\/www.elpolitologoyelpolitico.com.ar\/wp-content\/uploads\/2022\/05\/IMG-20220519-WA0037.jpg 720w, https:\/\/www.elpolitologoyelpolitico.com.ar\/wp-content\/uploads\/2022\/05\/IMG-20220519-WA0037-300x169.jpg 300w\" sizes=\"(max-width: 720px) 100vw, 720px\" \/><\/figure>\n<div class=\"fb-background-color\">\n\t\t\t  <div \n\t\t\t  \tclass = \"fb-comments\" \n\t\t\t  \tdata-href = \"https:\/\/www.elpolitologoyelpolitico.com.ar\/wordpress\/2022\/05\/20\/el-dia-de-los-museos-concentra-las-actividades-el-proximo-fin-de-semana\/\"\n\t\t\t  \tdata-numposts = \"10\"\n\t\t\t  \tdata-lazy = \"true\"\n\t\t\t\tdata-colorscheme = \"light\"\n\t\t\t\tdata-order-by = \"social\"\n\t\t\t\tdata-mobile=true>\n\t\t\t  <\/div><\/div>\n\t\t  <style>\n\t\t    .fb-background-color {\n\t\t\t\tbackground: #ffffff !important;\n\t\t\t}\n\t\t\t.fb_iframe_widget_fluid_desktop iframe {\n\t\t\t    width: 100% !important;\n\t\t\t}\n\t\t  <\/style>\n\t\t  ","protected":false},"excerpt":{"rendered":"<p>En el marco del D\u00eda Internacional de Los Museos, el gobierno de Viedma llevar\u00e1 adelante diversas actividades durante el pr\u00f3ximo fin de semana. Debido a que hoy 18 de mayo, el d\u00eda de los museos coincide con la realizaci\u00f3n del censo nacional, los d\u00edas s\u00e1bado 21 y domingo 22 los museos de nuestra ciudad estar\u00e1n [&hellip;]<\/p>\n","protected":false},"author":4,"featured_media":20600,"comment_status":"closed","ping_status":"closed","sticky":false,"template":"","format":"standard","meta":{"_joinchat":[],"footnotes":""},"categories":[39],"tags":[],"class_list":["post-20599","post","type-post","status-publish","format-standard","has-post-thumbnail","hentry","category-en-esta-seccion"],"_links":{"self":[{"href":"https:\/\/www.elpolitologoyelpolitico.com.ar\/wordpress\/wp-json\/wp\/v2\/posts\/20599","targetHints":{"allow":["GET"]}}],"collection":[{"href":"https:\/\/www.elpolitologoyelpolitico.com.ar\/wordpress\/wp-json\/wp\/v2\/posts"}],"about":[{"href":"https:\/\/www.elpolitologoyelpolitico.com.ar\/wordpress\/wp-json\/wp\/v2\/types\/post"}],"author":[{"embeddable":true,"href":"https:\/\/www.elpolitologoyelpolitico.com.ar\/wordpress\/wp-json\/wp\/v2\/users\/4"}],"replies":[{"embeddable":true,"href":"https:\/\/www.elpolitologoyelpolitico.com.ar\/wordpress\/wp-json\/wp\/v2\/comments?post=20599"}],"version-history":[{"count":0,"href":"https:\/\/www.elpolitologoyelpolitico.com.ar\/wordpress\/wp-json\/wp\/v2\/posts\/20599\/revisions"}],"wp:featuredmedia":[{"embeddable":true,"href":"https:\/\/www.elpolitologoyelpolitico.com.ar\/wordpress\/wp-json\/wp\/v2\/media\/20600"}],"wp:attachment":[{"href":"https:\/\/www.elpolitologoyelpolitico.com.ar\/wordpress\/wp-json\/wp\/v2\/media?parent=20599"}],"wp:term":[{"taxonomy":"category","embeddable":true,"href":"https:\/\/www.elpolitologoyelpolitico.com.ar\/wordpress\/wp-json\/wp\/v2\/categories?post=20599"},{"taxonomy":"post_tag","embeddable":true,"href":"https:\/\/www.elpolitologoyelpolitico.com.ar\/wordpress\/wp-json\/wp\/v2\/tags?post=20599"}],"curies":[{"name":"wp","href":"https:\/\/api.w.org\/{rel}","templated":true}]}}