{"id":20594,"date":"2022-05-20T01:08:08","date_gmt":"2022-05-20T01:08:08","guid":{"rendered":"https:\/\/www.elpolitologoyelpolitico.com.ar\/wordpress\/?p=20594"},"modified":"2022-05-20T01:08:10","modified_gmt":"2022-05-20T01:08:10","slug":"una-excelente-jornada-sobre-el-uso-responsable-de-las-redes-sociales-se-vivio-en-el-cept-de-igarzabal","status":"publish","type":"post","link":"https:\/\/www.elpolitologoyelpolitico.com.ar\/wordpress\/2022\/05\/20\/una-excelente-jornada-sobre-el-uso-responsable-de-las-redes-sociales-se-vivio-en-el-cept-de-igarzabal\/","title":{"rendered":"Una excelente jornada sobre el uso responsable de las redes sociales se vivi\u00f3 en el CEPT de Igarzabal"},"content":{"rendered":"\n<p><\/p>\n\n\n\n<p>Este lunes, en horas de la ma\u00f1ana, se llev\u00f3 adelante una jornada taller de prevenci\u00f3n del Grooming en el Centro Educativo para la Producci\u00f3n Total de Igarzabal.&nbsp;<\/p>\n\n\n\n<p>La misma fue planificada por el \u00e1rea de Coordinaci\u00f3n de Programas P\u00fablicos del Interior del Distrito, a cargo de Mar\u00eda Ciccone, y dictada por el equipo t\u00e9cnico de la Comisar\u00eda de la Familia, de la Ciudad de Viedma.<\/p>\n\n\n\n<p>Con una activa participaci\u00f3n, se involucraron docentes, alumnos y alumnas del establecimiento, que recibieron una amplia informaci\u00f3n sobre conceptos fundamentales; entre ellos de qu\u00e9 se trata el sexting, la sextorsi\u00f3n y el grooming.<\/p>\n\n\n\n<p>El intercambio fluido entre los presentes, permiti\u00f3 la realizaci\u00f3n de diferentes din\u00e1micas reflexivas, intercambio de contenidos y apreciaciones que enriquecieron la jornada.<\/p>\n\n\n\n<p>\u00abEl trabajo preventivo que se viene gestando desde la Coordinaci\u00f3n de Programas P\u00fablicos, en conjunto con las diferentes \u00e1reas municipales y organismos de seguridad; tanto de Patagones como de Viedma, permite exponer a la comunidad una tem\u00e1tica de tanta relevancia para garantizar la protecci\u00f3n de nuestros ni\u00f1os, ni\u00f1as y adolescentes\u00bb destac\u00f3 la Coordinadora de Programas P\u00fablicos del Interior, Mar\u00eda Ciccone.<\/p>\n\n\n\n<figure class=\"wp-block-gallery has-nested-images columns-default is-cropped wp-block-gallery-1 is-layout-flex wp-block-gallery-is-layout-flex\">\n<figure class=\"wp-block-image size-large\"><img fetchpriority=\"high\" decoding=\"async\" width=\"720\" height=\"324\" data-id=\"20596\" src=\"https:\/\/www.elpolitologoyelpolitico.com.ar\/wp-content\/uploads\/2022\/05\/IMG-20220519-WA0034.jpg\" alt=\"\" class=\"wp-image-20596\" srcset=\"https:\/\/www.elpolitologoyelpolitico.com.ar\/wp-content\/uploads\/2022\/05\/IMG-20220519-WA0034.jpg 720w, https:\/\/www.elpolitologoyelpolitico.com.ar\/wp-content\/uploads\/2022\/05\/IMG-20220519-WA0034-300x135.jpg 300w\" sizes=\"(max-width: 720px) 100vw, 720px\" \/><\/figure>\n\n\n\n<figure class=\"wp-block-image size-large\"><img decoding=\"async\" width=\"720\" height=\"324\" data-id=\"20597\" src=\"https:\/\/www.elpolitologoyelpolitico.com.ar\/wp-content\/uploads\/2022\/05\/IMG-20220519-WA0035.jpg\" alt=\"\" class=\"wp-image-20597\" srcset=\"https:\/\/www.elpolitologoyelpolitico.com.ar\/wp-content\/uploads\/2022\/05\/IMG-20220519-WA0035.jpg 720w, https:\/\/www.elpolitologoyelpolitico.com.ar\/wp-content\/uploads\/2022\/05\/IMG-20220519-WA0035-300x135.jpg 300w\" sizes=\"(max-width: 720px) 100vw, 720px\" \/><\/figure>\n<\/figure>\n<div class=\"fb-background-color\">\n\t\t\t  <div \n\t\t\t  \tclass = \"fb-comments\" \n\t\t\t  \tdata-href = \"https:\/\/www.elpolitologoyelpolitico.com.ar\/wordpress\/2022\/05\/20\/una-excelente-jornada-sobre-el-uso-responsable-de-las-redes-sociales-se-vivio-en-el-cept-de-igarzabal\/\"\n\t\t\t  \tdata-numposts = \"10\"\n\t\t\t  \tdata-lazy = \"true\"\n\t\t\t\tdata-colorscheme = \"light\"\n\t\t\t\tdata-order-by = \"social\"\n\t\t\t\tdata-mobile=true>\n\t\t\t  <\/div><\/div>\n\t\t  <style>\n\t\t    .fb-background-color {\n\t\t\t\tbackground: #ffffff !important;\n\t\t\t}\n\t\t\t.fb_iframe_widget_fluid_desktop iframe {\n\t\t\t    width: 100% !important;\n\t\t\t}\n\t\t  <\/style>\n\t\t  ","protected":false},"excerpt":{"rendered":"<p>Este lunes, en horas de la ma\u00f1ana, se llev\u00f3 adelante una jornada taller de prevenci\u00f3n del Grooming en el Centro Educativo para la Producci\u00f3n Total de Igarzabal.&nbsp; La misma fue planificada por el \u00e1rea de Coordinaci\u00f3n de Programas P\u00fablicos del Interior del Distrito, a cargo de Mar\u00eda Ciccone, y dictada por el equipo t\u00e9cnico de [&hellip;]<\/p>\n","protected":false},"author":4,"featured_media":20595,"comment_status":"closed","ping_status":"closed","sticky":false,"template":"","format":"standard","meta":{"_joinchat":[],"footnotes":""},"categories":[39],"tags":[],"class_list":["post-20594","post","type-post","status-publish","format-standard","has-post-thumbnail","hentry","category-en-esta-seccion"],"_links":{"self":[{"href":"https:\/\/www.elpolitologoyelpolitico.com.ar\/wordpress\/wp-json\/wp\/v2\/posts\/20594","targetHints":{"allow":["GET"]}}],"collection":[{"href":"https:\/\/www.elpolitologoyelpolitico.com.ar\/wordpress\/wp-json\/wp\/v2\/posts"}],"about":[{"href":"https:\/\/www.elpolitologoyelpolitico.com.ar\/wordpress\/wp-json\/wp\/v2\/types\/post"}],"author":[{"embeddable":true,"href":"https:\/\/www.elpolitologoyelpolitico.com.ar\/wordpress\/wp-json\/wp\/v2\/users\/4"}],"replies":[{"embeddable":true,"href":"https:\/\/www.elpolitologoyelpolitico.com.ar\/wordpress\/wp-json\/wp\/v2\/comments?post=20594"}],"version-history":[{"count":0,"href":"https:\/\/www.elpolitologoyelpolitico.com.ar\/wordpress\/wp-json\/wp\/v2\/posts\/20594\/revisions"}],"wp:featuredmedia":[{"embeddable":true,"href":"https:\/\/www.elpolitologoyelpolitico.com.ar\/wordpress\/wp-json\/wp\/v2\/media\/20595"}],"wp:attachment":[{"href":"https:\/\/www.elpolitologoyelpolitico.com.ar\/wordpress\/wp-json\/wp\/v2\/media?parent=20594"}],"wp:term":[{"taxonomy":"category","embeddable":true,"href":"https:\/\/www.elpolitologoyelpolitico.com.ar\/wordpress\/wp-json\/wp\/v2\/categories?post=20594"},{"taxonomy":"post_tag","embeddable":true,"href":"https:\/\/www.elpolitologoyelpolitico.com.ar\/wordpress\/wp-json\/wp\/v2\/tags?post=20594"}],"curies":[{"name":"wp","href":"https:\/\/api.w.org\/{rel}","templated":true}]}}