{"id":20568,"date":"2022-05-17T22:42:30","date_gmt":"2022-05-17T22:42:30","guid":{"rendered":"https:\/\/www.elpolitologoyelpolitico.com.ar\/wordpress\/?p=20568"},"modified":"2022-05-17T22:42:31","modified_gmt":"2022-05-17T22:42:31","slug":"lideres-del-mundo-interesados-en-el-hidrogeno-verde","status":"publish","type":"post","link":"https:\/\/www.elpolitologoyelpolitico.com.ar\/wordpress\/2022\/05\/17\/lideres-del-mundo-interesados-en-el-hidrogeno-verde\/","title":{"rendered":"L\u00edderes del mundo, interesados en el Hidr\u00f3geno Verde"},"content":{"rendered":"\n<p><\/p>\n\n\n\n<p>Grandes l\u00edderes mundiales y referentes del sector participar\u00e1n de la Asamblea y Exposici\u00f3n Global de Hidr\u00f3geno Verde 2022 que se desarrollar\u00e1 esta semana en Barcelona, escenario donde la Gobernadora Arabela Carreras presentar\u00e1 el Plan Estrat\u00e9gico Provincial sobre Energ\u00edas Limpias.<\/p>\n\n\n\n<p>Entre los principales referentes, se destaca la presencia de Andrew Forrest, presidente de Fortescue Future Industries. Es el fundador y presidente del grupo empresario que eligi\u00f3 invertir en R\u00edo Negro para producir Hidr\u00f3geno Verde. Fue miembro del Instituto Australiano de Miner\u00eda y Metalurgia y co-preside el Foro de Grandes L\u00edderes Empresariales, una de las plataformas de di\u00e1logo m\u00e1s importantes para los empresarios de China y Australia, adem\u00e1s de ser consejero de la Comisi\u00f3n de Ciudadan\u00eda Global.<\/p>\n\n\n\n<p>Tambi\u00e9n participar\u00e1 Lei Zhang, CEO de Envision Group, empresa l\u00edder de energ\u00eda renovable y digital en el mundo, con especial crecimiento en el sector e\u00f3lico.<\/p>\n\n\n\n<p>Dominic Eagleton de la ONG Global Witness, que pertenece al equipo de gas f\u00f3sil, tambi\u00e9n estar\u00e1 presente en el evento. Reconocido como l\u00edder en su trabajo sobre la transparencia de los ingresos de la industria extractiva en Europa. Su tarea central es hacer que las empresas y los gobiernos rindan cuentas por su afectaci\u00f3n al ambiente.<\/p>\n\n\n\n<p>Tambi\u00e9n participar\u00e1 Malcolm Turnbull, el reconocido presidente de Green Hydrogen Organisation (GH2). Fue Ministro de Ambiente de Australia y ex Primer Ministro Australiano (2015-2018), gesti\u00f3n en la que propuso rebajar precios de electricidad y legislar a favor de reducir la emisi\u00f3n de gases contaminantes.<\/p>\n\n\n\n<p>La Viceprimera Ministra de Espa\u00f1a, Teresa Ribera, tambi\u00e9n ser\u00e1 parte de la Asamblea. Pertenece al cuerpo superior de Administradores civiles del Estado y es una de las principales impulsoras de la descarbonizaci\u00f3n.<\/p>\n\n\n\n<p>R\u00edo Negro tendr\u00e1 una activa participaci\u00f3n en la mesa que acelera la reconversi\u00f3n energ\u00e9tica mundial. La Gobernadora Carreras participar\u00e1 de esta Asamblea como conferencista en la jornada del martes 18, dando a conocer los alcances del proyecto provincial que, adem\u00e1s del desarrollo y transformaci\u00f3n energ\u00e9tica, tiene como objetivo la generaci\u00f3n de puestos de empleo genuino en el corto plazo para los rionegrinos.<\/p>\n\n\n\n<p>Paralelamente, la Gobernadora mantendr\u00e1 reuniones con el Ministro de Desarrollo Productivo de la Naci\u00f3n, Mat\u00edas Kulfas y con Andrew Forrest, adem\u00e1s de participar de encuentros bilaterales con funcionarios de distintos gobiernos del mundo para avanzar en la tem\u00e1tica.<\/p>\n\n\n\n<p><strong>Referentes latinos tambi\u00e9n estar\u00e1n presentes<\/strong><\/p>\n\n\n\n<p>Desde Latinoam\u00e9rica, los principales expositores ser\u00e1n Mar\u00eda Paz de la Cruz, CEO de H2 Chile. Es ingeniera civil industrial de la Universidad de Concepci\u00f3n y cuenta con una maestr\u00eda en Gesti\u00f3n del Carbono de la Universidad de Edimburgo. Fue directora para Latinoam\u00e9rica de International REC Standard Foundation, donde promovi\u00f3 el consumo de electricidad renovable en la regi\u00f3n a trav\u00e9s del uso de certificados de energ\u00eda renovable.<\/p>\n\n\n\n<p>El colombiano Diego Mesa Puyo, Ministro de Minas y Energ\u00eda de su pa\u00eds, tambi\u00e9n participar\u00e1 como expositor. Estudi\u00f3 Econom\u00eda en la Universidad de Concordia en Canad\u00e1; tiene una maestr\u00eda en Econom\u00eda de la Universidad de McGill en Canad\u00e1 y es titular de la Designaci\u00f3n CFA del CFA Institute de EEUU desde 2012. Entre 2018 y 2020 fue Viceministro de Energ\u00eda de Colombia y estuvo en la presidencia del consejo directivo de la Agencia Nacional de Hidrocarburos.<\/p>\n\n\n\n<p>Israel Hurtado, el presidente de H2 M\u00e9xico, es otra de los principales referentes que estar\u00e1n presentes en la Asamblea. Es abogado con una maestr\u00eda en Derecho Internacional Privado en la Universidad Aut\u00f3noma de Nuevo Le\u00f3n. Es el fundador y presidente de la Asociaci\u00f3n Mexicana de Hidr\u00f3geno.<\/p>\n\n\n\n<p>Tambi\u00e9n estar\u00e1 presente Santiago Lorenzo, Jefe de la Unidad de Econom\u00eda del Cambio Clim\u00e1tico del CEPAL. Es licenciado en Econom\u00eda de la Universidad Aut\u00f3noma Metropolitana, con una maestr\u00eda en Evaluaci\u00f3n Ambiental en la Escuela de Econom\u00eda y Ciencias Pol\u00edticas de Londres y Doctorado en Ciencias Ambientales en la Universidad Aut\u00f3noma de Barcelona.<\/p>\n\n\n\n<p>Otro de los referentes que participar\u00e1 es Giovani Machado, director de Econom\u00eda Energ\u00e9tica y Medio Ambiente en la Empresa de Pesquisa Energ\u00e9tica (EPE). Es economista, con una Maestr\u00eda y Doctorado en Planificaci\u00f3n Energ\u00e9tica. Ha trabajado para varias instituciones en el \u00e1rea de energ\u00eda.<\/p>\n\n\n\n<p>Desde Paraguay, participar\u00e1 Felix Sosa, presidente de Administraci\u00f3n Nacional de Electricidad (ANDE) en ese pa\u00eds. Es Ingeniero Electricista, egresado de la Universidad Federal de Cear\u00e1 \u2013 Brasil. Adem\u00e1s, es M\u00e1ster en Administraci\u00f3n de Empresas, en la Universidad Cat\u00f3lica Nuestra Se\u00f1ora de la Asunci\u00f3n; M\u00e1ster en Administraci\u00f3n de Empresas del Sector El\u00e9ctrico de la Fundaci\u00f3n Getulio Vargas \u2013 Brasil y Especialista en Did\u00e1ctica e Investigaci\u00f3n Universitaria.<\/p>\n<div class=\"fb-background-color\">\n\t\t\t  <div \n\t\t\t  \tclass = \"fb-comments\" \n\t\t\t  \tdata-href = \"https:\/\/www.elpolitologoyelpolitico.com.ar\/wordpress\/2022\/05\/17\/lideres-del-mundo-interesados-en-el-hidrogeno-verde\/\"\n\t\t\t  \tdata-numposts = \"10\"\n\t\t\t  \tdata-lazy = \"true\"\n\t\t\t\tdata-colorscheme = \"light\"\n\t\t\t\tdata-order-by = \"social\"\n\t\t\t\tdata-mobile=true>\n\t\t\t  <\/div><\/div>\n\t\t  <style>\n\t\t    .fb-background-color {\n\t\t\t\tbackground: #ffffff !important;\n\t\t\t}\n\t\t\t.fb_iframe_widget_fluid_desktop iframe {\n\t\t\t    width: 100% !important;\n\t\t\t}\n\t\t  <\/style>\n\t\t  ","protected":false},"excerpt":{"rendered":"<p>Grandes l\u00edderes mundiales y referentes del sector participar\u00e1n de la Asamblea y Exposici\u00f3n Global de Hidr\u00f3geno Verde 2022 que se desarrollar\u00e1 esta semana en Barcelona, escenario donde la Gobernadora Arabela Carreras presentar\u00e1 el Plan Estrat\u00e9gico Provincial sobre Energ\u00edas Limpias. Entre los principales referentes, se destaca la presencia de Andrew Forrest, presidente de Fortescue Future Industries. [&hellip;]<\/p>\n","protected":false},"author":4,"featured_media":20569,"comment_status":"closed","ping_status":"closed","sticky":false,"template":"","format":"standard","meta":{"_joinchat":[],"footnotes":""},"categories":[39],"tags":[],"class_list":["post-20568","post","type-post","status-publish","format-standard","has-post-thumbnail","hentry","category-en-esta-seccion"],"_links":{"self":[{"href":"https:\/\/www.elpolitologoyelpolitico.com.ar\/wordpress\/wp-json\/wp\/v2\/posts\/20568","targetHints":{"allow":["GET"]}}],"collection":[{"href":"https:\/\/www.elpolitologoyelpolitico.com.ar\/wordpress\/wp-json\/wp\/v2\/posts"}],"about":[{"href":"https:\/\/www.elpolitologoyelpolitico.com.ar\/wordpress\/wp-json\/wp\/v2\/types\/post"}],"author":[{"embeddable":true,"href":"https:\/\/www.elpolitologoyelpolitico.com.ar\/wordpress\/wp-json\/wp\/v2\/users\/4"}],"replies":[{"embeddable":true,"href":"https:\/\/www.elpolitologoyelpolitico.com.ar\/wordpress\/wp-json\/wp\/v2\/comments?post=20568"}],"version-history":[{"count":0,"href":"https:\/\/www.elpolitologoyelpolitico.com.ar\/wordpress\/wp-json\/wp\/v2\/posts\/20568\/revisions"}],"wp:featuredmedia":[{"embeddable":true,"href":"https:\/\/www.elpolitologoyelpolitico.com.ar\/wordpress\/wp-json\/wp\/v2\/media\/20569"}],"wp:attachment":[{"href":"https:\/\/www.elpolitologoyelpolitico.com.ar\/wordpress\/wp-json\/wp\/v2\/media?parent=20568"}],"wp:term":[{"taxonomy":"category","embeddable":true,"href":"https:\/\/www.elpolitologoyelpolitico.com.ar\/wordpress\/wp-json\/wp\/v2\/categories?post=20568"},{"taxonomy":"post_tag","embeddable":true,"href":"https:\/\/www.elpolitologoyelpolitico.com.ar\/wordpress\/wp-json\/wp\/v2\/tags?post=20568"}],"curies":[{"name":"wp","href":"https:\/\/api.w.org\/{rel}","templated":true}]}}