{"id":20562,"date":"2022-05-17T21:35:38","date_gmt":"2022-05-17T21:35:38","guid":{"rendered":"https:\/\/www.elpolitologoyelpolitico.com.ar\/wordpress\/?p=20562"},"modified":"2022-05-17T21:35:40","modified_gmt":"2022-05-17T21:35:40","slug":"zara-presento-los-proyectos-para-la-construccion-de-las-terminales-de-omnibus-de-stroeder-y-villalonga-al-ministro-de-transporte-de-la-nacion","status":"publish","type":"post","link":"https:\/\/www.elpolitologoyelpolitico.com.ar\/wordpress\/2022\/05\/17\/zara-presento-los-proyectos-para-la-construccion-de-las-terminales-de-omnibus-de-stroeder-y-villalonga-al-ministro-de-transporte-de-la-nacion\/","title":{"rendered":"Zara present\u00f3 los proyectos para la construcci\u00f3n de las terminales de \u00f3mnibus de Stroeder y Villalonga al ministro de Transporte de la Naci\u00f3n"},"content":{"rendered":"\n<p><\/p>\n\n\n\n<p>El Intendente Municipal, Ing. Jos\u00e9 Luis Zara, particip\u00f3 este lunes del acto de inicio formal de la obra de construcci\u00f3n de la nueva Terminal de \u00d3mnibus de la ciudad de Viedma, ocasi\u00f3n en la que su par, Pedro Pesatti, recibi\u00f3 al presidente de la Honorable C\u00e1mara de Diputados de la Naci\u00f3n, Sergio Massa, y al ministro de Transporte de la Naci\u00f3n, Alexis Guerrera.&nbsp;<\/p>\n\n\n\n<p>Luego del acto en la terminal de \u00f3mnibus Viedma, junto a Pesatti, Massa y Guerrera, el Intendente Zara visit\u00f3 en la Estaci\u00f3n de Trenes, las oficinas del Tren Patag\u00f3nico y, posteriormente, la sede de la Universidad Nacional de R\u00edo Negro (UNRN).<\/p>\n\n\n\n<p>All\u00ed el mandatario hizo propicia la ocasi\u00f3n para entregar al ministro de Transporte, Alexis Guerrera, varias carpetas que incluyen los proyectos de construcci\u00f3n de dos terminales de \u00f3mnibus; en las localidades de Villalonga y Stroeder.<\/p>\n\n\n\n<p>Adem\u00e1s, le plante\u00f3 la posibilidad de habilitar el frigor\u00edfico-matadero de animales menores de ovinos y porcinos que se encuentra listo para poner en funcionamiento en Cardenal Cagliero, tras intensas gestiones del jefe comunal, y requiere la autorizaci\u00f3n de uso del espacio, ya que el predio pertenece al Ferrocarril.&nbsp;<\/p>\n\n\n\n<p>En el mismo orden, Zara solicit\u00f3 al ministro de Transporte la instalaci\u00f3n de la planta de Verificaci\u00f3n T\u00e9cnica Vehicular de forma permanente en Patagones, para facilitar el acceso de los vecinos del Distrito al servicio.<\/p>\n\n\n\n<p>Avanzada la tarde, el jefe comunal acompa\u00f1\u00f3 al presidente de la C\u00e1mara de Diputados y al Ministro de Transporte de la Naci\u00f3n a recorrer las nuevas instalaciones de la Asociaci\u00f3n Empleados de Comercio, en Carmen de Patagones, junto al titular de la entidad, Ricardo Marino.&nbsp;<\/p>\n\n\n\n<p>Recorrieron farmacia sindical y el Centro de Salud que la instituci\u00f3n posee en la calle Garibaldi.<\/p>\n\n\n\n<figure class=\"wp-block-gallery has-nested-images columns-default is-cropped wp-block-gallery-1 is-layout-flex wp-block-gallery-is-layout-flex\">\n<figure class=\"wp-block-image size-large\"><img fetchpriority=\"high\" decoding=\"async\" width=\"720\" height=\"324\" data-id=\"20564\" src=\"https:\/\/www.elpolitologoyelpolitico.com.ar\/wp-content\/uploads\/2022\/05\/IMG-20220516-WA0035.jpg\" alt=\"\" class=\"wp-image-20564\" srcset=\"https:\/\/www.elpolitologoyelpolitico.com.ar\/wp-content\/uploads\/2022\/05\/IMG-20220516-WA0035.jpg 720w, https:\/\/www.elpolitologoyelpolitico.com.ar\/wp-content\/uploads\/2022\/05\/IMG-20220516-WA0035-300x135.jpg 300w\" sizes=\"(max-width: 720px) 100vw, 720px\" \/><\/figure>\n\n\n\n<figure class=\"wp-block-image size-large\"><img decoding=\"async\" width=\"720\" height=\"324\" data-id=\"20565\" src=\"https:\/\/www.elpolitologoyelpolitico.com.ar\/wp-content\/uploads\/2022\/05\/IMG-20220516-WA0034.jpg\" alt=\"\" class=\"wp-image-20565\" srcset=\"https:\/\/www.elpolitologoyelpolitico.com.ar\/wp-content\/uploads\/2022\/05\/IMG-20220516-WA0034.jpg 720w, https:\/\/www.elpolitologoyelpolitico.com.ar\/wp-content\/uploads\/2022\/05\/IMG-20220516-WA0034-300x135.jpg 300w\" sizes=\"(max-width: 720px) 100vw, 720px\" \/><\/figure>\n\n\n\n<figure class=\"wp-block-image size-large\"><img decoding=\"async\" width=\"461\" height=\"1024\" data-id=\"20566\" src=\"https:\/\/www.elpolitologoyelpolitico.com.ar\/wp-content\/uploads\/2022\/05\/IMG-20220516-WA0036-461x1024.jpg\" alt=\"\" class=\"wp-image-20566\" srcset=\"https:\/\/www.elpolitologoyelpolitico.com.ar\/wp-content\/uploads\/2022\/05\/IMG-20220516-WA0036-461x1024.jpg 461w, https:\/\/www.elpolitologoyelpolitico.com.ar\/wp-content\/uploads\/2022\/05\/IMG-20220516-WA0036-135x300.jpg 135w, https:\/\/www.elpolitologoyelpolitico.com.ar\/wp-content\/uploads\/2022\/05\/IMG-20220516-WA0036-691x1536.jpg 691w, https:\/\/www.elpolitologoyelpolitico.com.ar\/wp-content\/uploads\/2022\/05\/IMG-20220516-WA0036.jpg 720w\" sizes=\"(max-width: 461px) 100vw, 461px\" \/><\/figure>\n<\/figure>\n<div class=\"fb-background-color\">\n\t\t\t  <div \n\t\t\t  \tclass = \"fb-comments\" \n\t\t\t  \tdata-href = \"https:\/\/www.elpolitologoyelpolitico.com.ar\/wordpress\/2022\/05\/17\/zara-presento-los-proyectos-para-la-construccion-de-las-terminales-de-omnibus-de-stroeder-y-villalonga-al-ministro-de-transporte-de-la-nacion\/\"\n\t\t\t  \tdata-numposts = \"10\"\n\t\t\t  \tdata-lazy = \"true\"\n\t\t\t\tdata-colorscheme = \"light\"\n\t\t\t\tdata-order-by = \"social\"\n\t\t\t\tdata-mobile=true>\n\t\t\t  <\/div><\/div>\n\t\t  <style>\n\t\t    .fb-background-color {\n\t\t\t\tbackground: #ffffff !important;\n\t\t\t}\n\t\t\t.fb_iframe_widget_fluid_desktop iframe {\n\t\t\t    width: 100% !important;\n\t\t\t}\n\t\t  <\/style>\n\t\t  ","protected":false},"excerpt":{"rendered":"<p>El Intendente Municipal, Ing. Jos\u00e9 Luis Zara, particip\u00f3 este lunes del acto de inicio formal de la obra de construcci\u00f3n de la nueva Terminal de \u00d3mnibus de la ciudad de Viedma, ocasi\u00f3n en la que su par, Pedro Pesatti, recibi\u00f3 al presidente de la Honorable C\u00e1mara de Diputados de la Naci\u00f3n, Sergio Massa, y al [&hellip;]<\/p>\n","protected":false},"author":4,"featured_media":20563,"comment_status":"closed","ping_status":"closed","sticky":false,"template":"","format":"standard","meta":{"_joinchat":[],"footnotes":""},"categories":[39],"tags":[],"class_list":["post-20562","post","type-post","status-publish","format-standard","has-post-thumbnail","hentry","category-en-esta-seccion"],"_links":{"self":[{"href":"https:\/\/www.elpolitologoyelpolitico.com.ar\/wordpress\/wp-json\/wp\/v2\/posts\/20562","targetHints":{"allow":["GET"]}}],"collection":[{"href":"https:\/\/www.elpolitologoyelpolitico.com.ar\/wordpress\/wp-json\/wp\/v2\/posts"}],"about":[{"href":"https:\/\/www.elpolitologoyelpolitico.com.ar\/wordpress\/wp-json\/wp\/v2\/types\/post"}],"author":[{"embeddable":true,"href":"https:\/\/www.elpolitologoyelpolitico.com.ar\/wordpress\/wp-json\/wp\/v2\/users\/4"}],"replies":[{"embeddable":true,"href":"https:\/\/www.elpolitologoyelpolitico.com.ar\/wordpress\/wp-json\/wp\/v2\/comments?post=20562"}],"version-history":[{"count":0,"href":"https:\/\/www.elpolitologoyelpolitico.com.ar\/wordpress\/wp-json\/wp\/v2\/posts\/20562\/revisions"}],"wp:featuredmedia":[{"embeddable":true,"href":"https:\/\/www.elpolitologoyelpolitico.com.ar\/wordpress\/wp-json\/wp\/v2\/media\/20563"}],"wp:attachment":[{"href":"https:\/\/www.elpolitologoyelpolitico.com.ar\/wordpress\/wp-json\/wp\/v2\/media?parent=20562"}],"wp:term":[{"taxonomy":"category","embeddable":true,"href":"https:\/\/www.elpolitologoyelpolitico.com.ar\/wordpress\/wp-json\/wp\/v2\/categories?post=20562"},{"taxonomy":"post_tag","embeddable":true,"href":"https:\/\/www.elpolitologoyelpolitico.com.ar\/wordpress\/wp-json\/wp\/v2\/tags?post=20562"}],"curies":[{"name":"wp","href":"https:\/\/api.w.org\/{rel}","templated":true}]}}